{"id":156560,"date":"2025-10-04T13:51:08","date_gmt":"2025-10-04T13:51:08","guid":{"rendered":"https:\/\/www.europesays.com\/es\/156560\/"},"modified":"2025-10-04T13:51:08","modified_gmt":"2025-10-04T13:51:08","slug":"ultima-hora-de-las-manifestaciones-en-apoyo-al-pueblo-palestino-y-la-flotilla-de-gaza-en-directo-la-guardia-urbana-cifra-en-70-000-los-asistentes-a-la-protesta-en-barcelona-espana","status":"publish","type":"post","link":"https:\/\/www.europesays.com\/es\/156560\/","title":{"rendered":"\u00daltima hora de las manifestaciones en apoyo al pueblo palestino y la flotilla de Gaza, en directo | La Guardia Urbana cifra en 70.000 los asistentes a la protesta en Barcelona | Espa\u00f1a"},"content":{"rendered":"<p class=\"ev-title\">La organizaci\u00f3n cifra en 300.000 los participantes a la manifestaci\u00f3n de Barcelona<\/p>\n<p>La manifestaci\u00f3n propalestina ha durado tres horas de recorrido por el centro de la capital catalana. La Guardia Urbana subi\u00f3 su c\u00e1lculo oficial de participaci\u00f3n de 50.000 a 70.000 por la alta aglomeraci\u00f3n de personas que llegaron a \u00faltima hora, procedentes de columnas de diferentes barrios. Mientras, la organizaci\u00f3n cifra en 300.000 los participantes. La marcha no hab\u00eda recorrido los 1,2 metros entre Jardinets de Gr\u00e0cia y plaza de Catalunya y a\u00fan quedaba gente esperando para poder comenzar a marchar.\u00a0<\/p>\n<p>Ha sido\u00a0una manifestaci\u00f3n tranversal: transgeneracional (familias con ni\u00f1os en cochecitos, grupos de j\u00f3venes, abuelos), transcultural (la comunidad \u00e1rabe se ha hecho sentir especialmente), transocial (va much\u00edsimo all\u00e1 del t\u00f3pico pijo progre con que cierta derecha ridiculiza a los simpatizantes de la causa palestina) y que ha logrado juntar tambi\u00e9n a otras reivindicaciones sociales, desde la lucha por la vivienda hasta la independentista. Varias banderas esteladas tambi\u00e9n se ha visto ondear.\u00a0<\/p>\n<p>Ha transcurrido pac\u00edficamente, salvo algunos actos vand\u00e1licos contra la fachada de un Zara y las vitrinas del Starbucks.\u00a0All\u00ed justamente se han encontrado las dos caras de la reivindicaci\u00f3n: han sido los propios manifestantes los que han impedido que la acci\u00f3n de un grupo de j\u00f3venes encapuchados fuera a m\u00e1s. El principal llamamiento de la manifestaci\u00f3n ha sido al boicot a\u00a0Israel, tanto en lo comercial como en lo pol\u00edtico.\u00a0La foto del d\u00eda tiene cierta reminiscencia al ardor propio de las primeras grandes manifestaciones de la Diada y su reflejo de un aut\u00e9ntico malestar ciudadano.<\/p>\n","protected":false},"excerpt":{"rendered":"La organizaci\u00f3n cifra en 300.000 los participantes a la manifestaci\u00f3n de Barcelona La manifestaci\u00f3n propalestina ha durado tres&hellip;\n","protected":false},"author":2,"featured_media":156561,"comment_status":"","ping_status":"","sticky":false,"template":"","format":"standard","meta":{"footnotes":""},"categories":[8],"tags":[17,18,68,70,71,72,25,24,13,14,46809,73,69,75,11,74,19,20,16735,9,10,15,16,77,76,23,12,21,22],"class_list":{"0":"post-156560","1":"post","2":"type-post","3":"status-publish","4":"format-standard","5":"has-post-thumbnail","7":"category-espana","8":"tag-breaking-news","9":"tag-breakingnews","10":"tag-conflicto-arabe-israeli","11":"tag-conflictos","12":"tag-conflictos-armados","13":"tag-conflictos-internacionales","14":"tag-es","15":"tag-espana","16":"tag-featured-news","17":"tag-featurednews","18":"tag-flotillas-ayuda-gaza","19":"tag-franja-gaza","20":"tag-guerra","21":"tag-hamas","22":"tag-headlines","23":"tag-israel","24":"tag-latest-news","25":"tag-latestnews","26":"tag-manifestaciones","27":"tag-news","28":"tag-noticias","29":"tag-noticias-destacadas","30":"tag-noticiasdestacadas","31":"tag-oriente-proximo","32":"tag-palestina","33":"tag-spain","34":"tag-titulares","35":"tag-ultimas-noticias","36":"tag-ultimasnoticias"},"share_on_mastodon":{"url":"","error":""},"_links":{"self":[{"href":"https:\/\/www.europesays.com\/es\/wp-json\/wp\/v2\/posts\/156560","targetHints":{"allow":["GET"]}}],"collection":[{"href":"https:\/\/www.europesays.com\/es\/wp-json\/wp\/v2\/posts"}],"about":[{"href":"https:\/\/www.europesays.com\/es\/wp-json\/wp\/v2\/types\/post"}],"author":[{"embeddable":true,"href":"https:\/\/www.europesays.com\/es\/wp-json\/wp\/v2\/users\/2"}],"replies":[{"embeddable":true,"href":"https:\/\/www.europesays.com\/es\/wp-json\/wp\/v2\/comments?post=156560"}],"version-history":[{"count":0,"href":"https:\/\/www.europesays.com\/es\/wp-json\/wp\/v2\/posts\/156560\/revisions"}],"wp:featuredmedia":[{"embeddable":true,"href":"https:\/\/www.europesays.com\/es\/wp-json\/wp\/v2\/media\/156561"}],"wp:attachment":[{"href":"https:\/\/www.europesays.com\/es\/wp-json\/wp\/v2\/media?parent=156560"}],"wp:term":[{"taxonomy":"category","embeddable":true,"href":"https:\/\/www.europesays.com\/es\/wp-json\/wp\/v2\/categories?post=156560"},{"taxonomy":"post_tag","embeddable":true,"href":"https:\/\/www.europesays.com\/es\/wp-json\/wp\/v2\/tags?post=156560"}],"curies":[{"name":"wp","href":"https:\/\/api.w.org\/{rel}","templated":true}]}}