{"id":156564,"date":"2025-10-04T13:53:12","date_gmt":"2025-10-04T13:53:12","guid":{"rendered":"https:\/\/www.europesays.com\/es\/156564\/"},"modified":"2025-10-04T13:53:12","modified_gmt":"2025-10-04T13:53:12","slug":"el-bm-ciudad-de-granada-buscara-estrenarse-a-domicilio","status":"publish","type":"post","link":"https:\/\/www.europesays.com\/es\/156564\/","title":{"rendered":"El BM Ciudad de Granada buscar\u00e1 estrenarse a domicilio"},"content":{"rendered":"<p>        PREVIA | las nazar\u00edes viajar\u00e1n a Mijas en su primer desplazamiento de la temporada <\/p>\n<p>\n                     Redacci\u00f3n                     \u00a0|\u00a0  4 de octubre de 2025<\/p>\n<p>                <a href=\"https:\/\/www.europesays.com\/es\/wp-content\/uploads\/2025\/10\/imagen62226_0_original.jpg\" id=\"single_image\" title=\"El BM Ciudad de Granada quieren seguir invictas (BM CIUDAD DE GRANADA)\"><br \/>\n                    <img decoding=\"async\" src=\"https:\/\/www.europesays.com\/es\/wp-content\/uploads\/2025\/10\/imagen62226_0_original.jpg\" title=\"El BM Ciudad de Granada quieren seguir invictas (BM CIUDAD DE GRANADA)\" alt=\"El BM Ciudad de Granada quieren seguir invictas (BM CIUDAD DE GRANADA)\"\/><br \/>\n                <\/a><\/p>\n<p>El BM Ciudad de Granada quieren seguir invictas (BM CIUDAD DE GRANADA)<\/p>\n<p>Las chicas dirigidas por\u00a0<strong>Pablo Perea<\/strong>\u00a0viajar\u00e1n este domingo a\u00a0<strong>Mijas<\/strong>\u00a0para disputar la segunda jornada de liga en el\u00a0<strong>Pabell\u00f3n de Las Ca\u00f1adas<\/strong>\u00a0a las 11:00 horas.\u00a0<strong>BM Mijas<\/strong>\u00a0debutar\u00e1 oficialmente en la competici\u00f3n tras la suspensi\u00f3n de su partido inicial ante BM Ceuta.&#13;<br \/>\n&#13;\n<\/p>\n<p>El cuerpo t\u00e9cnico granadino, a\u00fan en modo\u00a0<strong>pretemporada<\/strong>, trabaja intensamente para que las\u00a0<strong>jugadoras<\/strong>\u00a0recuperen la forma f\u00edsica y asimilen los procedimientos t\u00e1cticos, a pesar de las pocas sesiones conjuntas que han podido realizar.&#13;<br \/>\n&#13;\n<\/p>\n<p>Preocupa el estado f\u00edsico de varias jugadoras que arrastran molestias y que no estuvieron en el primer partido de la temporada, por lo que la\u00a0<strong>convocatoria<\/strong>\u00a0se confirmar\u00e1 al finalizar el \u00faltimo entrenamiento. Aunque se conocen pocos detalles del equipo local, se destaca el excelente trabajo que realizan\u00a0<strong>Laura Plaza<\/strong>\u00a0y la jugadora granadina\u00a0<strong>Mar\u00eda Tudela<\/strong>\u00a0con BM Mijas, que mezcla jugadoras de\u00a0<strong>Divisi\u00f3n de Honor Plata<\/strong>\u00a0con seniors de primer a\u00f1o.<\/p>\n<p>\u00a0<\/p>\n<p>Las granadinas, tras vencer en la primera jornada a UGR por 33-31, buscan su primera victoria fuera de casa para continuar invictas.<\/p>\n<p>Por otro lado, el equipo masculino entrenado por\u00a0<strong>\u00d3scar Valero<\/strong>\u00a0no retomar\u00e1 la competici\u00f3n hasta el 18 de octubre.<\/p>\n<p>Pablo Perea, entrenador nacional con amplia experiencia en categor\u00edas formativas y t\u00e9cnico del Fundaci\u00f3n BM Granada femenino, busca consolidar un proyecto competitivo en\u00a0<strong>Primera Divisi\u00f3n Nacional<\/strong>, apoyado por un cuerpo t\u00e9cnico que incluye a\u00a0<strong>Cristian Amaya<\/strong>,\u00a0<strong>Nerea Nadal<\/strong>\u00a0y\u00a0<strong>Dani Bueno<\/strong>.<\/p>\n<p>Este encuentro ser\u00e1 una buena prueba para el crecimiento del equipo femenino, que aspira a destacar y mantenerse firme en la temporada.<\/p>\n<p>\u00a0<\/p>\n<p>\u00a0<\/p>\n<p>\u00a0<\/p>\n<p>                <a href=\"https:\/\/www.granadaenjuego.com\/Polideportivo\/apretada-victoria-del-balonmano-ciudad-de-granada-femenino-en-el-derbi--33-31\" rel=\"nofollow noopener\" target=\"_blank\"><img decoding=\"async\" src=\"https:\/\/www.europesays.com\/es\/wp-content\/uploads\/2025\/09\/imagen62139_0_ppal.jpg\" title=\"BM Ciudad de Granada Femenino (BM CIUDAD DE GRANADA)\" alt=\"BM Ciudad de Granada Femenino (BM CIUDAD DE GRANADA)\"\/><\/a>                <\/p>\n<p>28\/09\/2025 | Redacci\u00f3n <\/p>\n<p>CRONICA | Las chicas dirigidas por Pablo Perea derrotaron a Universidad de Granada, en un encuentro donde siempre fueron por delante <\/p>\n<p>                <a href=\"https:\/\/www.granadaenjuego.com\/Polideportivo\/bm-ciudad-de-granada-arranca-la-temporada-con-empate--29-29\" rel=\"nofollow noopener\" target=\"_blank\"><img decoding=\"async\" src=\"https:\/\/www.europesays.com\/es\/wp-content\/uploads\/2025\/09\/imagen62137_0_ppal.jpg\" title=\"Equipo masculino del BM Ciudad de Granada (BM CIUDAD DE GRANADA)\" alt=\"Equipo masculino del BM Ciudad de Granada (BM CIUDAD DE GRANADA)\"\/><\/a>                <\/p>\n<p>28\/09\/2025 | Redacci\u00f3n <\/p>\n<p>CR\u00d3NICA | El conjunto nazar\u00ed empez\u00f3 la liga con igualada ante Sano Antequera BM Torcal<\/p>\n","protected":false},"excerpt":{"rendered":"PREVIA | las nazar\u00edes viajar\u00e1n a Mijas en su primer desplazamiento de la temporada Redacci\u00f3n \u00a0|\u00a0 4 de&hellip;\n","protected":false},"author":2,"featured_media":156565,"comment_status":"","ping_status":"","sticky":false,"template":"","format":"standard","meta":{"footnotes":""},"categories":[278],"tags":[376,44385,168,25,24,375,23,167],"class_list":{"0":"post-156564","1":"post","2":"type-post","3":"status-publish","4":"format-standard","5":"has-post-thumbnail","7":"category-balonmano","8":"tag-balonmano","9":"tag-bm-ciudad-de-granada","10":"tag-deportes","11":"tag-es","12":"tag-espana","13":"tag-handball","14":"tag-spain","15":"tag-sports"},"share_on_mastodon":{"url":"","error":""},"_links":{"self":[{"href":"https:\/\/www.europesays.com\/es\/wp-json\/wp\/v2\/posts\/156564","targetHints":{"allow":["GET"]}}],"collection":[{"href":"https:\/\/www.europesays.com\/es\/wp-json\/wp\/v2\/posts"}],"about":[{"href":"https:\/\/www.europesays.com\/es\/wp-json\/wp\/v2\/types\/post"}],"author":[{"embeddable":true,"href":"https:\/\/www.europesays.com\/es\/wp-json\/wp\/v2\/users\/2"}],"replies":[{"embeddable":true,"href":"https:\/\/www.europesays.com\/es\/wp-json\/wp\/v2\/comments?post=156564"}],"version-history":[{"count":0,"href":"https:\/\/www.europesays.com\/es\/wp-json\/wp\/v2\/posts\/156564\/revisions"}],"wp:featuredmedia":[{"embeddable":true,"href":"https:\/\/www.europesays.com\/es\/wp-json\/wp\/v2\/media\/156565"}],"wp:attachment":[{"href":"https:\/\/www.europesays.com\/es\/wp-json\/wp\/v2\/media?parent=156564"}],"wp:term":[{"taxonomy":"category","embeddable":true,"href":"https:\/\/www.europesays.com\/es\/wp-json\/wp\/v2\/categories?post=156564"},{"taxonomy":"post_tag","embeddable":true,"href":"https:\/\/www.europesays.com\/es\/wp-json\/wp\/v2\/tags?post=156564"}],"curies":[{"name":"wp","href":"https:\/\/api.w.org\/{rel}","templated":true}]}}