{"id":156566,"date":"2025-10-04T13:54:12","date_gmt":"2025-10-04T13:54:12","guid":{"rendered":"https:\/\/www.europesays.com\/es\/156566\/"},"modified":"2025-10-04T13:54:12","modified_gmt":"2025-10-04T13:54:12","slug":"toreo-este-viernes-su-ultimo-astado-en-las-ventas-con-dos-costillas-rotas","status":"publish","type":"post","link":"https:\/\/www.europesays.com\/es\/156566\/","title":{"rendered":"tore\u00f3 este viernes su \u00faltimo astado en Las Ventas con dos costillas rotas"},"content":{"rendered":"<p class=\"ft-text\">El valor y la resistencia de los toreros es indiscutible, se est\u00e9 o no de acuerdo con lo que hacen cada vez que se ponen delante de un astado de media tonelada. El diestro cacere\u00f1o <a class=\"ft-link ft-link--decoration\" href=\"https:\/\/www.elperiodicoextremadura.com\/videos\/caceres-local\/2024\/05\/27\/video-entrevista-emilio-justo-102986986.html\" target=\"_blank\" rel=\"nofollow noopener\">Emilio de Justo<\/a> ha vuelto a demostrarlo: este viernes cort\u00f3 dos orejas a su segundo, del hierro de <a class=\"ft-link ft-link--decoration\" href=\"https:\/\/ganaderosdebravo.es\/es\/ganaderia\/ucy\/\" rel=\"nofollow noopener\" target=\"_blank\"><strong>Victoriano del R\u00edo<\/strong><\/a><strong>, <\/strong>tras <a class=\"ft-link ft-link--decoration\" href=\"https:\/\/www.elperiodicoextremadura.com\/extremadura\/2025\/10\/03\/ultima-hora-dura-cogida-ventas-122254842.html\" target=\"_blank\" rel=\"nofollow noopener\"><strong>haber sufrido un fuerte golpe en el primero<\/strong><\/a><strong>, que le dej\u00f3 a los pies del morlaco y segundos m\u00e1s tarde en la enfermer\u00eda. <\/strong>La faena y la gallard\u00eda le valieron la quinta Puerta Grande de su carrera en Madrid, el mayor premio que puede tener cualquier torero.<\/p>\n<p class=\"ft-text\">Pero la cogida de esta Feria de Oto\u00f1o no se ha saldado sin consecuencias. Muy al contrario. Emilio de Justo ha sido sometido en las \u00faltimas horas a una radiograf\u00eda y un TAC que confirman <strong>las fracturas de la sexta y la s\u00e9ptima costilla izquierda<\/strong>, presentando una de ellas un leve desplazamiento; y<strong> fisuras de la octava y novena costilla izquierda.<\/strong><\/p>\n<p><img decoding=\"async\" src=\"https:\/\/www.europesays.com\/es\/wp-content\/uploads\/2025\/10\/b1c3fc73-f945-4163-b63d-0a1fb0fee689_alta-libre-aspect-ratio_default_0.jpg\" width=\"1200\" height=\"800\" alt=\"El diestro sale a hombros tras la corrida de la Feria de Oto\u00f1o.\" class=\"ft-helper-img-rd\" loading=\"lazy\" hasdataaida=\"true\"\/><\/p>\n<p class=\"ft-helper-fontColor-quaternary ft-helper-fontSize-body-S ft-helper-spacer-t-xxs\">El diestro sale a hombros tras la corrida de la Feria de Oto\u00f1o.  \/ Borja S\u00e1nchez-Trillo \/ Efe<\/p>\n<p class=\"ft-text\">\u00abPor recomendaci\u00f3n m\u00e9dica<strong>, Emilio de Justo se ve en la obligaci\u00f3n de dar por finalizada la <\/strong><a class=\"ft-link ft-link--decoration\" href=\"https:\/\/www.elperiodicoextremadura.com\/caceres-local\/2025\/05\/30\/emilio-justo-puerta-grande-morante-caceres-118051177.html\" target=\"_blank\" rel=\"nofollow noopener\"><strong>temporada 2025 en Europa<\/strong><\/a><strong>,<\/strong> al no poder cumplir con los compromisos que ten\u00eda previstos en el mes de octubre\u00bb, explica su equipo en un comunicado. En los pr\u00f3ximos d\u00edas, comenzar\u00e1 la rehabilitaci\u00f3n, \u00ab<strong>con el objetivo y deseo de estar plenamente recuperado de cara al inicio de su temporada americana,<\/strong> que comenzar\u00e1 el 1 de noviembre en Tlaxcala (M\u00e9xico)\u00bb.<\/p>\n<p class=\"ft-text\">Y es que Emilio de Justo, protagoniz\u00f3 este viernes en Madrid <strong>una de las tardes m\u00e1s importantes de su temporada<\/strong>. Tras la \u00abpaliza\u00bb que le propin\u00f3 el primer toro de la tarde, y tras permenecer en la enfermer\u00eda, el diestro decidi\u00f3, contra las indicaciones m\u00e9dicas, h<strong>aciendo gala de su entrega y compromiso con la afici\u00f3n madrile\u00f1a, <\/strong>volver al ruedo para culminar una actuaci\u00f3n heroica y muy personal, logrando abrir por quinta vez la puerta grande del templo del toreo.<\/p>\n","protected":false},"excerpt":{"rendered":"El valor y la resistencia de los toreros es indiscutible, se est\u00e9 o no de acuerdo con lo&hellip;\n","protected":false},"author":2,"featured_media":156567,"comment_status":"","ping_status":"","sticky":false,"template":"","format":"standard","meta":{"footnotes":""},"categories":[277],"tags":[373,7164,168,13836,962,5401,25,24,700,7234,46811,13004,3728,205,23,167,1152,374],"class_list":{"0":"post-156566","1":"post","2":"type-post","3":"status-publish","4":"format-standard","5":"has-post-thumbnail","7":"category-toreo","8":"tag-bullfighting","9":"tag-da","10":"tag-deportes","11":"tag-emilio","12":"tag-emilio-de-justo","13":"tag-enfermeria","14":"tag-es","15":"tag-espana","16":"tag-europa","17":"tag-extremadura","18":"tag-finalizada","19":"tag-justo","20":"tag-las-ventas","21":"tag-madrid","22":"tag-spain","23":"tag-sports","24":"tag-temporada","25":"tag-toreo"},"share_on_mastodon":{"url":"","error":""},"_links":{"self":[{"href":"https:\/\/www.europesays.com\/es\/wp-json\/wp\/v2\/posts\/156566","targetHints":{"allow":["GET"]}}],"collection":[{"href":"https:\/\/www.europesays.com\/es\/wp-json\/wp\/v2\/posts"}],"about":[{"href":"https:\/\/www.europesays.com\/es\/wp-json\/wp\/v2\/types\/post"}],"author":[{"embeddable":true,"href":"https:\/\/www.europesays.com\/es\/wp-json\/wp\/v2\/users\/2"}],"replies":[{"embeddable":true,"href":"https:\/\/www.europesays.com\/es\/wp-json\/wp\/v2\/comments?post=156566"}],"version-history":[{"count":0,"href":"https:\/\/www.europesays.com\/es\/wp-json\/wp\/v2\/posts\/156566\/revisions"}],"wp:featuredmedia":[{"embeddable":true,"href":"https:\/\/www.europesays.com\/es\/wp-json\/wp\/v2\/media\/156567"}],"wp:attachment":[{"href":"https:\/\/www.europesays.com\/es\/wp-json\/wp\/v2\/media?parent=156566"}],"wp:term":[{"taxonomy":"category","embeddable":true,"href":"https:\/\/www.europesays.com\/es\/wp-json\/wp\/v2\/categories?post=156566"},{"taxonomy":"post_tag","embeddable":true,"href":"https:\/\/www.europesays.com\/es\/wp-json\/wp\/v2\/tags?post=156566"}],"curies":[{"name":"wp","href":"https:\/\/api.w.org\/{rel}","templated":true}]}}