{"id":156568,"date":"2025-10-04T13:59:14","date_gmt":"2025-10-04T13:59:14","guid":{"rendered":"https:\/\/www.europesays.com\/es\/156568\/"},"modified":"2025-10-04T13:59:14","modified_gmt":"2025-10-04T13:59:14","slug":"sky-sports-transmitira-el-resto-de-la-f1-2025-en-mexico-disney-en-latinoamerica-en-2026","status":"publish","type":"post","link":"https:\/\/www.europesays.com\/es\/156568\/","title":{"rendered":"Sky Sports transmitir\u00e1 el resto de la F1 2025 en M\u00e9xico, Disney en Latinoam\u00e9rica en 2026"},"content":{"rendered":"<p>La F\u00f3rmula 1 tendr\u00e1 nueva casa en el resto de la campa\u00f1a 2025 en M\u00e9xico. La firma Sky Sports tomar\u00e1 los controles de las transmisiones a espera de confirmar si ser\u00e1 desde el Gran Premio de Singapur o desde el Gran Premio de los Estados Unidos, esto seg\u00fan reportan diversos medios.<\/p>\n<p>F1 hab\u00eda firmado un acuerdo con Sky Sports M\u00e9xico para transmitir de forma multianual la m\u00e1xima categor\u00eda desde el 2026. El acuerdo incluye televisi\u00f3n restringida. Dado que el contrato para el resto de las carreras se firm\u00f3 de \u00faltima hora, el plan inicial es usar la transmisi\u00f3n de F1 TV.<\/p>\n<p>A pesar de que Sky Sports tendr\u00e1 los derechos en exclusiva para M\u00e9xico, la plataforma de streaming F1 TV se mantendr\u00e1 en el pa\u00eds vigente dado que el acuerdo no incluye un servicio de transmisi\u00f3n por internet en exclusiva.<\/p>\n<p>La se\u00f1al de la F1 ser\u00e1 parte del paquete Sky Sports M\u00e9xico que se encuentra disponible en el sistema Izzi y Sky, a partir de ciertos paquetes.<\/p>\n<p>\u00bfQu\u00e9 pasar\u00e1 con la F1 en el resto de Latinoam\u00e9rica para 2026?<\/p>\n<p>Personas cercanas a las negociaciones han se\u00f1alado a Motorsport.com que Disney mantendr\u00e1 el resto del continente, como actualmente lo hace, para distribuirlo en sus se\u00f1ales de ESPN y el servicio de streaming Disney+ Premium, el paquete m\u00e1s costoso.<\/p>\n<p>El acuerdo de F1 con Disney para el resto de Latinoam\u00e9rica vencer\u00e1 a finales de 2025, pero ambas partes est\u00e1n listas para anunciar una extensi\u00f3n del contrato.<\/p>\n<p>Sin embargo, se entiende que Disney ha perdido la F1 para Estados Unidos donde Apple luce como el m\u00e1s fuerte candidato para tomar las transmisiones en ese mercado.<\/p>\n<p>La cobertura de Disney para Latinoam\u00e9rica abarcar\u00eda todos los territorios debajo de M\u00e9xico a excepci\u00f3n de Brasil donde Globo regresar\u00e1 a las transmisiones en el 2026 luego de llegar a un nuevo contrato.<\/p>\n<p>            Queremos tu opini\u00f3n<\/p>\n<p class=\"mt-auto\">\u00bfQu\u00e9 le gustar\u00eda ver en Motorsport.com?<\/p>\n<p>            <a href=\"#\" class=\"ms-link text-link font-bold\">Responda a nuestra encuesta de 5 minutos.<\/a><\/p>\n<p class=\"mt-1 font-info text-body\">&#8211; El equipo de Motorsport.com<\/p>\n","protected":false},"excerpt":{"rendered":"La F\u00f3rmula 1 tendr\u00e1 nueva casa en el resto de la campa\u00f1a 2025 en M\u00e9xico. La firma Sky&hellip;\n","protected":false},"author":2,"featured_media":156569,"comment_status":"","ping_status":"","sticky":false,"template":"","format":"standard","meta":{"footnotes":""},"categories":[270],"tags":[168,46813,25,24,306,271,272,1230,44837,46812,23,167],"class_list":{"0":"post-156568","1":"post","2":"type-post","3":"status-publish","4":"format-standard","5":"has-post-thumbnail","7":"category-formula-1","8":"tag-deportes","9":"tag-disney-en-latinoamu00e9rica-en-2026","10":"tag-es","11":"tag-espana","12":"tag-f1","13":"tag-formula-1","14":"tag-formula1","15":"tag-fu00f3rmula-1","16":"tag-gp-de-singapur","17":"tag-sky-sports-transmitiru00e1-el-resto-de-la-f1-2025-en-mu00e9xico","18":"tag-spain","19":"tag-sports"},"share_on_mastodon":{"url":"","error":""},"_links":{"self":[{"href":"https:\/\/www.europesays.com\/es\/wp-json\/wp\/v2\/posts\/156568","targetHints":{"allow":["GET"]}}],"collection":[{"href":"https:\/\/www.europesays.com\/es\/wp-json\/wp\/v2\/posts"}],"about":[{"href":"https:\/\/www.europesays.com\/es\/wp-json\/wp\/v2\/types\/post"}],"author":[{"embeddable":true,"href":"https:\/\/www.europesays.com\/es\/wp-json\/wp\/v2\/users\/2"}],"replies":[{"embeddable":true,"href":"https:\/\/www.europesays.com\/es\/wp-json\/wp\/v2\/comments?post=156568"}],"version-history":[{"count":0,"href":"https:\/\/www.europesays.com\/es\/wp-json\/wp\/v2\/posts\/156568\/revisions"}],"wp:featuredmedia":[{"embeddable":true,"href":"https:\/\/www.europesays.com\/es\/wp-json\/wp\/v2\/media\/156569"}],"wp:attachment":[{"href":"https:\/\/www.europesays.com\/es\/wp-json\/wp\/v2\/media?parent=156568"}],"wp:term":[{"taxonomy":"category","embeddable":true,"href":"https:\/\/www.europesays.com\/es\/wp-json\/wp\/v2\/categories?post=156568"},{"taxonomy":"post_tag","embeddable":true,"href":"https:\/\/www.europesays.com\/es\/wp-json\/wp\/v2\/tags?post=156568"}],"curies":[{"name":"wp","href":"https:\/\/api.w.org\/{rel}","templated":true}]}}