{"id":156570,"date":"2025-10-04T14:01:25","date_gmt":"2025-10-04T14:01:25","guid":{"rendered":"https:\/\/www.europesays.com\/es\/156570\/"},"modified":"2025-10-04T14:01:25","modified_gmt":"2025-10-04T14:01:25","slug":"la-crisis-del-celta-de-la-ilusion-a-la-preocupacion-la-voz-de-galicia","status":"publish","type":"post","link":"https:\/\/www.europesays.com\/es\/156570\/","title":{"rendered":"La crisis del Celta: de la ilusi\u00f3n a la preocupaci\u00f3n &#8211; La Voz de Galicia"},"content":{"rendered":"<ol>\n<li><a href=\"https:\/\/news.google.com\/rss\/articles\/CBMitwFBVV95cUxQN2ZkYWpsTjJESi1MM3p5LXdreTgzU0xGSFBvamYtWDB6U0JGOGNsTEEzX0dXVS1HMC1GMElLcGstR3lHb3hmLW94WE14MW9vV0Q3OWJCdmo0UXd3WmVYanBQaTZVN3BiMTZCRjJwZExiOTJJSXVFVlNmaXBfN2w4OW1fWEpyYzY5VWFkM2x1QWdtOEFjVW1ZeVpGWEE4UDFNMGUxS3pmN01PZUxUYmlxTmhtc0wwdFE?oc=5\" target=\"_blank\" rel=\"nofollow noopener\">La crisis del Celta: de la ilusi\u00f3n a la preocupaci\u00f3n<\/a>&nbsp;&nbsp;La Voz de Galicia<\/li>\n<li><a href=\"https:\/\/news.google.com\/rss\/articles\/CBMiuwFBVV95cUxPQTFZZGYzWFlRakVxOWJ3cjNxZ0lmWHl6VEpEa3ktWU5PSlc5TmtTcm9yTTA1YTRaUGNlVjBjMWl5OHN6WF9OWkR0VlJoWl9qTU85c2dQWkVNRXJIWlhTTDQyVGppNVI2S3RKQ1ZWWFlPX3ZvWTM2Vk1Fd0xWV2xuT2hudlBpZzEzV0s3Y2xaaDlrQkoyeUVqd21HNUN0Qm8xam1yS1lVMWw4bmtMbG1RcnFleXp3dm5LS0s00gG7AUFVX3lxTFBnQVppM3BoQzQ4TnIyNkgyY0FRQVoybElONDNEcXhkb3FndE1WMjJnUE5hMVhYSGNKMWxIck5BaUY0YXpYYzU3WnZxS3diZ0RCN2RZY2hKUWtlUEJhaDlNdlByTG1yUzFEa1ZqSTJJa3N4YmVwZTYwbXVUX1FFZURaVU1zSW5VZ1JqcTQyWWJkYmx0dVRsLVFFLThucUhEZldDeDRFMk1TNnBZUEQ3YjhBN0ZEVm9ia0JjZUU?oc=5\" target=\"_blank\" rel=\"nofollow noopener\">La Tertulia del Centollo Mec\u00e1nico 01\/10\/2025<\/a>&nbsp;&nbsp;Onda Cero<\/li>\n<li><a href=\"https:\/\/news.google.com\/rss\/articles\/CBMitgFBVV95cUxNVzFLaExhVGNrT1NWaExST09RUVhtMXJHVDFxSkU2RVRrQmpEODItd2l4UlR2aHZBZWo3b1B6d2FIYWdUaTduWXIzeElQc0dGNEg1Y19wc25TT19PdEVfUWRmcFQxMzUzSlFIZy1YaUxzRFdCUjYtUHN0V3NDY2RfUk5BbVdWVVBDNExPZGtobVFpSWZqRkZadHdGckpYTGNpYUJJS0hpQ2FRcWVkUmUxTDNEcXluQQ?oc=5\" target=\"_blank\" rel=\"nofollow noopener\">De la ilusi\u00f3n a la preocupaci\u00f3n en el Celta<\/a>&nbsp;&nbsp;La Voz de Galicia<\/li>\n<li><a href=\"https:\/\/news.google.com\/rss\/articles\/CBMiwwFBVV95cUxPSTVuTTRYeVZSaldEYnlhS0tHdHZiR0h2TzZlS001U3JlYTVZMV9fd0d3YjdRM1hyLU56UldLZXN3bTFZQW90ak55bHQ2U3ZhNGxXRGo4WGtTdS1TSG10b3BnY1ZDS0NPWV9fSHBOak5QUWlFcURQU1dqd3FSbUZQVE1MOFlDbnhCTkRrTE5VS0lfTlZHOWF1MmtvU1VSM3IzQjN4MUVzR1dMUXFfclRvREg3S2tmZmNGNzVqMDQtSF9KUjTSAdcBQVVfeXFMT0JqeTNNSnAtT1NnV1dVQXJHQkxqYnUwSlJxVEdZRGxnemdpWkphZFFhZjZGV0NISjlUMGFTMWN5VUk2TEI0OXF2QWdvMjd0d0hYOG8wU0dVYi1iREM0bmpqeUROcVliclBUMHBoWEZGS1hNM0NiRzVCLUIzTi1vVjFtd2YtdWZGX1J6amg3UFdfTWF4NXBUU09jTlFvUllYZDg2Z3FCbUNFRndhektYc25pelB1YVZzQVpCS0VGTE81dEpCVGFPWEJfbUVUREg5a0thM2s1RDA?oc=5\" target=\"_blank\" rel=\"nofollow noopener\">Iago Aspas pide ayuda al celtismo: \u00abEs el momento de apretar m\u00e1s que nunca\u00bb<\/a>&nbsp;&nbsp;Cadena SER<\/li>\n<li><a href=\"https:\/\/news.google.com\/rss\/articles\/CBMiiAFBVV95cUxPVkYzdVpGQVhqY1JONjhrRkMwTXlYMVFVb3VPUTNtUHlSYzNBUzVRSG1VQi1OWWVYX3hvTklTTWRkQnQwUUppbGlldjdDbmx5bllsV1dyV3lkUVVJSFgtZno2OEFJNGR1N3gxb2JrRDk5N1ZkS2ZGelUzTWNlSkQyQ3pOYjJxRFpZ0gGOAUFVX3lxTFBYcXZGMEJXZ0U1RkNfTVdxYjBtZHZ1dm81cGsxem51cVJEWXNDcjdvVFRQSWtMbmRnSmw0TGF1c0RBc1J5NlR5QzBQVHVzSEQxcWlfenJWZ1dCT1c2Vi1iMkxBMWtka0l4Zm40R1lQdHFKNWk0OXZhRDl0NjF4WnBBTnFZQTFwbkcxWThnWXc?oc=5\" target=\"_blank\" rel=\"nofollow noopener\">\u00abSin tiempo para lamentos\u00bb<\/a>&nbsp;&nbsp;Faro de Vigo<\/li>\n<\/ol>\n","protected":false},"excerpt":{"rendered":"La crisis del Celta: de la ilusi\u00f3n a la preocupaci\u00f3n&nbsp;&nbsp;La Voz de Galicia La Tertulia del Centollo Mec\u00e1nico&hellip;\n","protected":false},"author":2,"featured_media":156571,"comment_status":"","ping_status":"","sticky":false,"template":"","format":"standard","meta":{"footnotes":""},"categories":[268],"tags":[290,168,25,24,280,282,281,23,167],"class_list":{"0":"post-156570","1":"post","2":"type-post","3":"status-publish","4":"format-standard","5":"has-post-thumbnail","7":"category-futbol","8":"tag-celta","9":"tag-deportes","10":"tag-es","11":"tag-espana","12":"tag-football","13":"tag-futbol","14":"tag-soccer","15":"tag-spain","16":"tag-sports"},"share_on_mastodon":{"url":"","error":""},"_links":{"self":[{"href":"https:\/\/www.europesays.com\/es\/wp-json\/wp\/v2\/posts\/156570","targetHints":{"allow":["GET"]}}],"collection":[{"href":"https:\/\/www.europesays.com\/es\/wp-json\/wp\/v2\/posts"}],"about":[{"href":"https:\/\/www.europesays.com\/es\/wp-json\/wp\/v2\/types\/post"}],"author":[{"embeddable":true,"href":"https:\/\/www.europesays.com\/es\/wp-json\/wp\/v2\/users\/2"}],"replies":[{"embeddable":true,"href":"https:\/\/www.europesays.com\/es\/wp-json\/wp\/v2\/comments?post=156570"}],"version-history":[{"count":0,"href":"https:\/\/www.europesays.com\/es\/wp-json\/wp\/v2\/posts\/156570\/revisions"}],"wp:featuredmedia":[{"embeddable":true,"href":"https:\/\/www.europesays.com\/es\/wp-json\/wp\/v2\/media\/156571"}],"wp:attachment":[{"href":"https:\/\/www.europesays.com\/es\/wp-json\/wp\/v2\/media?parent=156570"}],"wp:term":[{"taxonomy":"category","embeddable":true,"href":"https:\/\/www.europesays.com\/es\/wp-json\/wp\/v2\/categories?post=156570"},{"taxonomy":"post_tag","embeddable":true,"href":"https:\/\/www.europesays.com\/es\/wp-json\/wp\/v2\/tags?post=156570"}],"curies":[{"name":"wp","href":"https:\/\/api.w.org\/{rel}","templated":true}]}}