{"id":156572,"date":"2025-10-04T14:02:12","date_gmt":"2025-10-04T14:02:12","guid":{"rendered":"https:\/\/www.europesays.com\/es\/156572\/"},"modified":"2025-10-04T14:02:12","modified_gmt":"2025-10-04T14:02:12","slug":"la-hija-de-michael-schumacher-celebra-el-primer-aniversario-de-su-boda-mallorquina-con-una-foto-inedita-y-el-mejor-regalo","status":"publish","type":"post","link":"https:\/\/www.europesays.com\/es\/156572\/","title":{"rendered":"La hija de Michael Schumacher celebra el primer aniversario de su boda mallorquina con una foto in\u00e9dita y el mejor regalo"},"content":{"rendered":"<p id=\"e-L5FUOV6hu\" data-wc=\"117\">La felicidad de <strong>Gina Schumacher e Iain Bethke\u00a0<\/strong>se elev\u00f3 a la m\u00e1xima potencia el 29 de marzo con la llegada al mundo de Millie, su primera hija. La ni\u00f1a devolvi\u00f3 la ilusi\u00f3n a todo su entorno doce a\u00f1os despu\u00e9s del tr\u00e1gico accidente de Michael Schumacher, una <a class=\"hm-link ho-link\" href=\"https:\/\/www.hola.com\/actualidad\/20250413826141\/michael-schumacher-participa-subasta-benefica-otras-leyendas-f1-once-anios-despues-grave-accidente\/\" data-mrf-recirculation=\"article-body-link\" rel=\"nofollow noopener\" target=\"_blank\">tragedia que trunc\u00f3 el destino del piloto<\/a> y cambi\u00f3 para siempre la realidad de sus allegados. Pero realmente el proyecto de familia de la pareja comenz\u00f3 tiempo atr\u00e1s, concretamente el d\u00eda que pronunciaron el \u00abs\u00ed, quiero\u00bb. Desde aquel <strong>importante paso que dieron con Mallorca como tel\u00f3n de fondo ha pasado exactamente un a\u00f1o y han querido celebrarlo con una imagen in\u00e9dita de la celebraci\u00f3n, que tuvo lugar a puerta cerrada.<\/strong><\/p>\n<p> <img src=\"https:\/\/www.europesays.com\/es\/wp-content\/uploads\/2025\/10\/8fbcf2192fa3-saveclipapp504496199185121436150192924083607305424297938n.jpg\"   width=\"792\" height=\"1024\" loading=\"lazy\" decoding=\"async\" alt=\"Media Image\" fetchpriority=\"auto\" class=\"image ho-image\"\/>\u00a9 ginaschumacher<\/p>\n<p id=\"e8aEtjsTii\" data-wc=\"98\"><strong>\u00abFeliz primer aniversario a mi persona para toda la vida\u00bb<\/strong>, ha dicho Gina-Maria, que se dedica profesionalmente al mundo ecuestre, como su marido. Gracias a la imagen, que se ha llenado de mensajes de felicitaci\u00f3n y buenos deseos, podemos ver un rinc\u00f3n de la vivienda que la familia tiene en Baleares. Adem\u00e1s, se observan a la perfecci\u00f3n todos los detalles de su apuesta nupcial: \u00a0un vestido blanco de tirantes confeccionado con encaje floral. Una delicada pieza perteneciente a la colecci\u00f3n Petal de Blue by Enzoani, firma creada en 2005 que tiene su sede en el sur de California.<\/p>\n<p> <img src=\"https:\/\/www.europesays.com\/es\/wp-content\/uploads\/2025\/10\/b3aa7bca0bec-gina.jpg\"   width=\"768\" height=\"1024\" loading=\"lazy\" decoding=\"async\" alt=\"Media Image\" fetchpriority=\"auto\" class=\"image ho-image\"\/>\u00a9 ginaschumacher<\/p>\n<p data-wc=\"103\" id=\"ey6ubww-lZ\">El enlace <strong>se hizo en la casa que los Schumacher tienen en<\/strong> El Puerto de Andratx (<strong>Mallorca), una exclusiva vivienda construida sobre un solar de \u00a015.000 metros cuadrados con helipuerto privado\u00a0<\/strong>que <a class=\"hm-link ho-link\" href=\"https:\/\/www.hola.com\/actualidad\/20180722127459\/schumacher-casa-florentino-perez-mallorca\/\" data-mrf-recirculation=\"article-body-link\" rel=\"nofollow noopener\" target=\"_blank\">perteneci\u00f3 al empresario Florentino P\u00e9rez,<\/a> presidente del Real Madrid. La celebraci\u00f3n al completo fue al aire libre, en los amplios jardines con privilegiadas vistas al Mediterr\u00e1neo. \u00a0El c\u00f3digo de vestimenta para todos los asistentes era vestido largo para las mujeres y traje para los caballeros, aunque sin corbata. Adem\u00e1s, pusieron a disposici\u00f3n un servicio de guarder\u00eda para que los m\u00e1s peque\u00f1os pudieran entretenerse y jugar mientras los adultos tambi\u00e9n se divert\u00edan.<\/p>\n<p data-wc=\"92\" id=\"excOZrkwkjl\">En la ceremonia, sencilla, de unos 30 minutos y celebrada bajo un arco floral al aire libre, <strong>Mick ejerci\u00f3 como padrino de su \u00fanica hermana<\/strong>. Despu\u00e9s hubo una cena servida por <a class=\"hm-link ho-link\" href=\"https:\/\/www.hola.com\/cocina\/noticias\/20250805838011\/maca-de-castro-chef-entrevista-mallorca\/\" data-mrf-recirculation=\"article-body-link\" rel=\"nofollow noopener\" target=\"_blank\">Maca de Castro, prestigiosa chef mallorquina con una estrella Michelin<\/a> que tambi\u00e9n dise\u00f1\u00f3 el men\u00fa de la boda de Rafa Nadal y Mery Perell\u00f3, adem\u00e1s de poner su catering en la tradicional recepci\u00f3n de los Reyes en Marivent. A la hora de la fiesta, la m\u00fasica la puso un grupo de m\u00fasica conuntry que puso a bailar a todos los asistentes.<\/p>\n<p> <img src=\"https:\/\/www.europesays.com\/es\/wp-content\/uploads\/2025\/10\/a6c97f991f1a-saveclipapp480779778184907421460192922697342845740537008n.jpg\"   width=\"1024\" height=\"1018\" loading=\"lazy\" decoding=\"async\" alt=\"Media Image\" fetchpriority=\"auto\" class=\"image ho-image\"\/>\u00a9 ginaschumacher<br \/>\nUna figura destacada en el mundo ecuestre<\/p>\n<p data-wc=\"153\" id=\"eVYWgbqfyP\"><strong>La hija de Michael y Corinna Schumcher conoci\u00f3 a su ya marido en el centro h\u00edpico de Berwangen, en Baden-W\u00fcrttemberg, Alemania<\/strong>. Ambos conectaron enseguida y desde entonces no se han separado. Tiempo despu\u00e9s de conocerse se mudaron a Suiza y en 2022 fijaron su residencia en Texas (Estados Unidos), donde los padres de ella poseen un rancho de 200 hect\u00e1reas. <a class=\"hm-link ho-link\" href=\"https:\/\/www.hola.com\/actualidad\/20250715844467\/gina-hija-michael-schumacher-deporte-reining-campeona-alemania\/\" data-mrf-recirculation=\"article-body-link\" rel=\"nofollow noopener\" target=\"_blank\">Gina es una de las figuras m\u00e1s destacadas del reining<\/a>, disciplina ecuestre de estilo western que se centra en la ejecuci\u00f3n precisa de patrones de movimientos por parte del binomio caballo-jinete, poniendo a prueba el control, la precisi\u00f3n y la elegancia. Se caracteriza por maniobras como giros r\u00e1pidos (spins), paradas deslizantes (sliding stops), cambios de direcci\u00f3n y transiciones suaves entre diferentes velocidades. Para practicar este deporte se requiere una gran compenetraci\u00f3n y comunicaci\u00f3n entre jinete y caballo, demostrando no solo la destreza del jinete, sino tambi\u00e9n la obediencia, agilidad y disposici\u00f3n del equino.\u00a0<\/p>\n","protected":false},"excerpt":{"rendered":"La felicidad de Gina Schumacher e Iain Bethke\u00a0se elev\u00f3 a la m\u00e1xima potencia el 29 de marzo con&hellip;\n","protected":false},"author":2,"featured_media":156573,"comment_status":"","ping_status":"","sticky":false,"template":"","format":"standard","meta":{"footnotes":""},"categories":[174],"tags":[517,3164,255,146,147,25,24,256,14598,23],"class_list":{"0":"post-156572","1":"post","2":"type-post","3":"status-publish","4":"format-standard","5":"has-post-thumbnail","7":"category-famosos","8":"tag-actualidad","9":"tag-bodas","10":"tag-celebrities","11":"tag-entertainment","12":"tag-entretenimiento","13":"tag-es","14":"tag-espana","15":"tag-famosos","16":"tag-michael-schumacher","17":"tag-spain"},"share_on_mastodon":{"url":"","error":""},"_links":{"self":[{"href":"https:\/\/www.europesays.com\/es\/wp-json\/wp\/v2\/posts\/156572","targetHints":{"allow":["GET"]}}],"collection":[{"href":"https:\/\/www.europesays.com\/es\/wp-json\/wp\/v2\/posts"}],"about":[{"href":"https:\/\/www.europesays.com\/es\/wp-json\/wp\/v2\/types\/post"}],"author":[{"embeddable":true,"href":"https:\/\/www.europesays.com\/es\/wp-json\/wp\/v2\/users\/2"}],"replies":[{"embeddable":true,"href":"https:\/\/www.europesays.com\/es\/wp-json\/wp\/v2\/comments?post=156572"}],"version-history":[{"count":0,"href":"https:\/\/www.europesays.com\/es\/wp-json\/wp\/v2\/posts\/156572\/revisions"}],"wp:featuredmedia":[{"embeddable":true,"href":"https:\/\/www.europesays.com\/es\/wp-json\/wp\/v2\/media\/156573"}],"wp:attachment":[{"href":"https:\/\/www.europesays.com\/es\/wp-json\/wp\/v2\/media?parent=156572"}],"wp:term":[{"taxonomy":"category","embeddable":true,"href":"https:\/\/www.europesays.com\/es\/wp-json\/wp\/v2\/categories?post=156572"},{"taxonomy":"post_tag","embeddable":true,"href":"https:\/\/www.europesays.com\/es\/wp-json\/wp\/v2\/tags?post=156572"}],"curies":[{"name":"wp","href":"https:\/\/api.w.org\/{rel}","templated":true}]}}