{"id":156578,"date":"2025-10-04T14:09:17","date_gmt":"2025-10-04T14:09:17","guid":{"rendered":"https:\/\/www.europesays.com\/es\/156578\/"},"modified":"2025-10-04T14:09:17","modified_gmt":"2025-10-04T14:09:17","slug":"identifican-grupos-de-proteinas-desencadenantes-del-parkinson","status":"publish","type":"post","link":"https:\/\/www.europesays.com\/es\/156578\/","title":{"rendered":"Identifican grupos de prote\u00ednas desencadenantes del P\u00e1rkinson"},"content":{"rendered":"<p>\t\t\tYou are here:<br \/>\n\t\t\t<a href=\"http:\/\/www.cfg.sld.cu\/\" rel=\"nofollow noopener\" target=\"_blank\">Inicio<\/a> \u00bb Identifican grupos de prote\u00ednas desencadenantes del P\u00e1rkinson  <\/p>\n<p>    <img loading=\"lazy\" decoding=\"async\" class=\"imagefield imagefield-field_imagen04\" width=\"126\" height=\"72\" alt=\"\" src=\"https:\/\/www.europesays.com\/es\/wp-content\/uploads\/2025\/10\/enfermedad-de-parkinson-700x4691-580x330.jpg\" \/>    <\/p>\n<p class=\"rtejustify\">Un equipo cient\u00edfico identific\u00f3, visualiz\u00f3 y cuantific\u00f3 por primera vez los grupos de prote\u00ednas en el cerebro responsables de desencadenar el <a href=\"http:\/\/www.cubadebate.cu\/noticias\/2013\/05\/24\/hematologia-2013-presentara-estudio-sobre-tratamiento-del-parkinson\/\" rel=\"nofollow noopener\" target=\"_blank\">P\u00e1rkinson<\/a>, segunda enfermedad neurodegenerativa con mayor prevalencia hoy en el mundo.<\/p>\n<p class=\"rtejustify\">Los resultados de este estudio fueron publicados en la revista Nature Biomedical Engineering y se consideran un gran paso en el conocimiento y batalla contra este padecimiento cuyas causas son objeto de profundas investigaciones.<\/p>\n<p class=\"rtejustify\">Al frente de la pesquisa est\u00e1n investigadores de la Universidad de Cambridge, del University College London, el Instituto Francis Crick y la Polit\u00e9cnica de Montreal.<\/p>\n<p class=\"rtejustify\">Desarrollaron una t\u00e9cnica de im\u00e1genes que les permite contar y comparar las prote\u00ednas responsables de la enfermedad que hoy d\u00eda no tiene cura, aunque existen medicamentos para tratarla.<\/p>\n<p class=\"rtejustify\">Seg\u00fan datos p\u00fablicos, para 2050 se prev\u00e9 que el n\u00famero de personas con P\u00e1rkinson en todo el mundo se duplique hasta alcanzar los 25 millones.<\/p>\n<p class=\"rtejustify\">Rese\u00f1as de medios se\u00f1alan que el equipo a cargo de este estudio examin\u00f3 muestras de tejido cerebral de personas con P\u00e1rkinson ya fallecidas y las compar\u00f3 con individuos sanos de edad similar.<\/p>\n<p class=\"rtejustify\">Descubrieron la presencia de esos grupos de prote\u00ednas tanto en cerebros sanos como en aquellos que hab\u00edan desarrollado la dolencia, y la principal diferencia entre los cerebros con y sin enfermedad resid\u00eda en el tama\u00f1o de los \u00abolig\u00f3meros\u00bb, que eran m\u00e1s grandes, brillantes y numerosos en las muestras con enfermedad.<\/p>\n<p class=\"rtejustify\">Ello les sugiere una relaci\u00f3n directa con la progresi\u00f3n de este trastorno neurodegerativo.<\/p>\n<p class=\"rtejustify\">Tambi\u00e9n descubrieron los cient\u00edficos una subclase de esos \u00abolig\u00f3meros\u00bb que aparecieron solo en pacientes con P\u00e1rkinson y que podr\u00edan ser los primeros marcadores visibles de la enfermedad, posiblemente a\u00f1os antes de que aparezcan los s\u00edntomas.<\/p>\n<p class=\"rtejustify\">Este trabajo es importante pues hasta ahora no se hab\u00edan podido visualizar estas prote\u00ednas en el tejido cerebral humano.<\/p>\n<p class=\"rtejustify\">Se considera que este conocimiento ayudar\u00e1 a aplicar futuros tratamientos inciales que anticipen los s\u00edntomas graves de este padecimiento que afecta al cerebro y toda la actividad del paciente.<\/p>\n<p>\t\tPalabras clave: <\/p>\n<p>\u00a0prote\u00ednas, desencadenantes ,P\u00e1rkinson<\/p>\n","protected":false},"excerpt":{"rendered":"You are here: Inicio \u00bb Identifican grupos de prote\u00ednas desencadenantes del P\u00e1rkinson Un equipo cient\u00edfico identific\u00f3, visualiz\u00f3 y&hellip;\n","protected":false},"author":2,"featured_media":156579,"comment_status":"","ping_status":"","sticky":false,"template":"","format":"standard","meta":{"footnotes":""},"categories":[92],"tags":[1164,25,24,165,46821,46819,681,166,1452,46822,46818,46820,23],"class_list":{"0":"post-156578","1":"post","2":"type-post","3":"status-publish","4":"format-standard","5":"has-post-thumbnail","7":"category-salud","8":"tag-cuba","9":"tag-es","10":"tag-espana","11":"tag-health","12":"tag-iberoamerica","13":"tag-informatica-medica","14":"tag-medicina","15":"tag-salud","16":"tag-salud-publica","17":"tag-servicios-de-informacion","18":"tag-sistema-de-salud","19":"tag-sistemas-de-informacion","20":"tag-spain"},"share_on_mastodon":{"url":"","error":""},"_links":{"self":[{"href":"https:\/\/www.europesays.com\/es\/wp-json\/wp\/v2\/posts\/156578","targetHints":{"allow":["GET"]}}],"collection":[{"href":"https:\/\/www.europesays.com\/es\/wp-json\/wp\/v2\/posts"}],"about":[{"href":"https:\/\/www.europesays.com\/es\/wp-json\/wp\/v2\/types\/post"}],"author":[{"embeddable":true,"href":"https:\/\/www.europesays.com\/es\/wp-json\/wp\/v2\/users\/2"}],"replies":[{"embeddable":true,"href":"https:\/\/www.europesays.com\/es\/wp-json\/wp\/v2\/comments?post=156578"}],"version-history":[{"count":0,"href":"https:\/\/www.europesays.com\/es\/wp-json\/wp\/v2\/posts\/156578\/revisions"}],"wp:featuredmedia":[{"embeddable":true,"href":"https:\/\/www.europesays.com\/es\/wp-json\/wp\/v2\/media\/156579"}],"wp:attachment":[{"href":"https:\/\/www.europesays.com\/es\/wp-json\/wp\/v2\/media?parent=156578"}],"wp:term":[{"taxonomy":"category","embeddable":true,"href":"https:\/\/www.europesays.com\/es\/wp-json\/wp\/v2\/categories?post=156578"},{"taxonomy":"post_tag","embeddable":true,"href":"https:\/\/www.europesays.com\/es\/wp-json\/wp\/v2\/tags?post=156578"}],"curies":[{"name":"wp","href":"https:\/\/api.w.org\/{rel}","templated":true}]}}