{"id":156582,"date":"2025-10-04T14:11:07","date_gmt":"2025-10-04T14:11:07","guid":{"rendered":"https:\/\/www.europesays.com\/es\/156582\/"},"modified":"2025-10-04T14:11:07","modified_gmt":"2025-10-04T14:11:07","slug":"el-nuevo-s-pen-de-samsung-para-la-serie-galaxy-tab-s11-es-impresionante-y-de-diseno-controvertido","status":"publish","type":"post","link":"https:\/\/www.europesays.com\/es\/156582\/","title":{"rendered":"El nuevo S Pen de Samsung para la serie Galaxy Tab S11 es impresionante y de dise\u00f1o controvertido"},"content":{"rendered":"<p class=\"bodytext\">El nuevo S Pen para el Tab S11 y el Tab S11 Ultra cuenta con una clasificaci\u00f3n IP68 y, por tanto, est\u00e1 protegido contra el agua y el polvo. El nuevo dise\u00f1o del l\u00e1piz \u00f3ptico de Samsung garantiza que el S Pen siga acomod\u00e1ndose c\u00f3modamente en la mano, pero el l\u00e1piz parece m\u00e1s compacto y delgado en comparaci\u00f3n con un <a href=\"http:\/\/www.notebookcheck.com\/Test-Apple-iPad-Pro-11-2024-Tablet-Leichter-duenner-pfeilschnell.838359.0.html\" target=\"_self\" class=\"internal-link\" rel=\"nofollow noopener\">Apple L\u00e1piz <\/a>o <a href=\"http:\/\/www.notebookcheck.com\/Geniale-Lautsprecher-und-Mega-Laufzeit-beim-13-3-Zoll-Tablet-Test-Honor-MagicPad-3.1101949.0.html\" target=\"_self\" class=\"internal-link\" rel=\"nofollow noopener\">Honor Magic Pencil 3<\/a>. Si le gusta el dise\u00f1o y la sensaci\u00f3n en la mano es una preferencia personal, pero nosotros preferimos la forma semicircular y m\u00e1s ergon\u00f3mica de su predecesor. <a href=\"http:\/\/www.notebookcheck.com\/Test-Samsung-Galaxy-Tab-S9-5G-Tablet-Leistungsstarker-Allrounder-mit-OLED.749670.0.html\" target=\"_self\" class=\"internal-link\" rel=\"nofollow noopener\">T<\/a>a carcasa compacta del nuevo S Pen tambi\u00e9n parece algo peque\u00f1a en comparaci\u00f3n con otros l\u00e1pices \u00f3pticos, sobre todo en manos grandes.&#13;<\/p>\n<p class=\"bodytext\">Con s\u00f3lo 8 gramos de peso, el S Pen sigue siendo muy ligero, en comparaci\u00f3n con el Apple Pencil Pro, que pesa m\u00e1s del doble. Esta cuesti\u00f3n tambi\u00e9n es muy individual. Aqu\u00ed encontramos argumentos tanto a favor (comodidad durante el uso prolongado, mejor usabilidad con manos peque\u00f1as, &#8230;) como en contra (parece menos valioso, &#8230;) de la ligereza.<\/p>\n","protected":false},"excerpt":{"rendered":"El nuevo S Pen para el Tab S11 y el Tab S11 Ultra cuenta con una clasificaci\u00f3n IP68&hellip;\n","protected":false},"author":2,"featured_media":156583,"comment_status":"","ping_status":"","sticky":false,"template":"","format":"standard","meta":{"footnotes":""},"categories":[81],"tags":[46834,119,123,124,46827,46829,46835,25,24,46831,46830,33881,6406,6404,46832,46825,46836,10,6405,2761,46833,46824,46826,46823,117,121,122,23,118,120,46828],"class_list":{"0":"post-156582","1":"post","2":"type-post","3":"status-publish","4":"format-standard","5":"has-post-thumbnail","7":"category-ciencia-y-tecnologia","8":"tag-accesorios-para-tabletas-samsung","9":"tag-ciencia","10":"tag-ciencia-y-tecnologia","11":"tag-cienciaytecnologia","12":"tag-comparacion-de-lapices-para-tabletas","13":"tag-diseno-del-lapiz-s-pen","14":"tag-duracion-de-la-bateria-del-s-pen","15":"tag-es","16":"tag-espana","17":"tag-funciones-del-s-pen","18":"tag-galaxy-lapiz-para-tabletas","19":"tag-galaxy-tab-s11","20":"tag-informaciones","21":"tag-informes","22":"tag-lapiz-de-precision-para-tabletas","23":"tag-lapiz-optico-de-samsung","24":"tag-niveles-de-presion-del-s-pen","25":"tag-noticias","26":"tag-portatil","27":"tag-prueba","28":"tag-prueba-del-lapiz-optico-para-tabletas","29":"tag-prueba-del-s-pen","30":"tag-s-pen-frente-a-apple-pencil","31":"tag-samsung-s-pen","32":"tag-science","33":"tag-science-and-technology","34":"tag-scienceandtechnology","35":"tag-spain","36":"tag-technology","37":"tag-tecnologia","38":"tag-volumen-de-suministro-del-s-pen"},"share_on_mastodon":{"url":"","error":""},"_links":{"self":[{"href":"https:\/\/www.europesays.com\/es\/wp-json\/wp\/v2\/posts\/156582","targetHints":{"allow":["GET"]}}],"collection":[{"href":"https:\/\/www.europesays.com\/es\/wp-json\/wp\/v2\/posts"}],"about":[{"href":"https:\/\/www.europesays.com\/es\/wp-json\/wp\/v2\/types\/post"}],"author":[{"embeddable":true,"href":"https:\/\/www.europesays.com\/es\/wp-json\/wp\/v2\/users\/2"}],"replies":[{"embeddable":true,"href":"https:\/\/www.europesays.com\/es\/wp-json\/wp\/v2\/comments?post=156582"}],"version-history":[{"count":0,"href":"https:\/\/www.europesays.com\/es\/wp-json\/wp\/v2\/posts\/156582\/revisions"}],"wp:featuredmedia":[{"embeddable":true,"href":"https:\/\/www.europesays.com\/es\/wp-json\/wp\/v2\/media\/156583"}],"wp:attachment":[{"href":"https:\/\/www.europesays.com\/es\/wp-json\/wp\/v2\/media?parent=156582"}],"wp:term":[{"taxonomy":"category","embeddable":true,"href":"https:\/\/www.europesays.com\/es\/wp-json\/wp\/v2\/categories?post=156582"},{"taxonomy":"post_tag","embeddable":true,"href":"https:\/\/www.europesays.com\/es\/wp-json\/wp\/v2\/tags?post=156582"}],"curies":[{"name":"wp","href":"https:\/\/api.w.org\/{rel}","templated":true}]}}