{"id":156585,"date":"2025-10-04T14:13:08","date_gmt":"2025-10-04T14:13:08","guid":{"rendered":"https:\/\/www.europesays.com\/es\/156585\/"},"modified":"2025-10-04T14:13:08","modified_gmt":"2025-10-04T14:13:08","slug":"israel-deporta-a-turquia-a-137-activistas-de-flotilla-dw-04-10-2025","status":"publish","type":"post","link":"https:\/\/www.europesays.com\/es\/156585\/","title":{"rendered":"Israel deporta a Turqu\u00eda a 137 activistas de flotilla \u2013 DW \u2013 04\/10\/2025"},"content":{"rendered":"<p><a class=\"internal-link\" href=\"https:\/\/www.dw.com\/es\/israel\/t-17412656\" rel=\"nofollow noopener\" target=\"_blank\">Israel<\/a> indic\u00f3 este s\u00e1bado (04.10.2025) que deport\u00f3 a otros 137 activistas m\u00e1s que formaron parte de la flotilla de ayuda con destino a <a class=\"internal-link\" href=\"https:\/\/www.dw.com\/es\/franja-de-gaza\/t-67111647\" rel=\"nofollow noopener\" target=\"_blank\">Gaza<\/a>, tras iniciar las expulsiones el viernes.<\/p>\n<p>El grupo incluye a 36 ciudadanos turcos, as\u00ed de Estados Unidos, Emiratos \u00c1rabes Unidos, Argelia, Marruecos, Italia, Kuwait, Libia, Malasia, Mauritania, Suiza, T\u00fanez y Jordania, precisaron fuentes del Ministerio de Relaciones Exteriores de <a class=\"internal-link\" href=\"https:\/\/www.dw.com\/es\/turqu\u00eda\/t-17410467\" rel=\"nofollow noopener\" target=\"_blank\">Turqu\u00eda<\/a>.<\/p>\n<p>La flotilla Global Sumud (resiliencia en \u00e1rabe) parti\u00f3 en septiembre de Barcelona con activistas como Greta Thunberg y personalidades pol\u00edticas, con la intenci\u00f3n de llevar ayuda a este territorio palestino, que <a class=\"internal-link\" href=\"https:\/\/www.dw.com\/es\/onu-declara-oficialmente-hambruna-en-gaza\/a-73730320\" rel=\"nofollow noopener\" target=\"_blank\">sufre una hambruna, seg\u00fan la ONU<\/a>.<\/p>\n<p>La marina israel\u00ed empez\u00f3 el mi\u00e9rcoles a interceptar los barcos que se acercaban hacia Gaza y a detener a los m\u00e1s de 400 activistas que viajaban en ellos y termin\u00f3 el viernes de cercar a la \u00faltima embarcaci\u00f3n.<\/p>\n<p>El viernes, Israel anunci\u00f3 que deport\u00f3 a cuatro activistas italianos, los primeros de los cientos de detenidos en los nav\u00edos.<\/p>\n<p>Tras interceptar los barcos, las autoridades israel\u00edes anunciaron que los miembros de la flotilla, que inclu\u00eda a activistas de Espa\u00f1a, Brasil, M\u00e9xico y Argentina, entre otras nacionalidades, ser\u00edan expulsados.<\/p>\n<p>La intercepci\u00f3n de la flotilla <a class=\"internal-link\" href=\"https:\/\/www.dw.com\/es\/cientos-de-miles-de-personas-protestan-en-apoyo-a-gaza-en-italia\/a-74232872\" rel=\"nofollow noopener\" target=\"_blank\">desencaden\u00f3 manifestaciones en varias capitales<\/a>, entre ellas Brasilia, Buenos Aires, Par\u00eds, Roma, T\u00fanez y Berl\u00edn.<\/p>\n<p>rr afp\/reuters<\/p>\n","protected":false},"excerpt":{"rendered":"Israel indic\u00f3 este s\u00e1bado (04.10.2025) que deport\u00f3 a otros 137 activistas m\u00e1s que formaron parte de la flotilla&hellip;\n","protected":false},"author":2,"featured_media":156586,"comment_status":"","ping_status":"","sticky":false,"template":"","format":"standard","meta":{"footnotes":""},"categories":[42],"tags":[17,18,13,14,11,61,62,63,64,19,20,9,10,15,16,12,21,22,65,66,67],"class_list":{"0":"post-156585","1":"post","2":"type-post","3":"status-publish","4":"format-standard","5":"has-post-thumbnail","7":"category-internacional","8":"tag-breaking-news","9":"tag-breakingnews","10":"tag-featured-news","11":"tag-featurednews","12":"tag-headlines","13":"tag-internacional","14":"tag-international","15":"tag-international-news","16":"tag-internationalnews","17":"tag-latest-news","18":"tag-latestnews","19":"tag-news","20":"tag-noticias","21":"tag-noticias-destacadas","22":"tag-noticiasdestacadas","23":"tag-titulares","24":"tag-ultimas-noticias","25":"tag-ultimasnoticias","26":"tag-world","27":"tag-world-news","28":"tag-worldnews"},"share_on_mastodon":{"url":"","error":""},"_links":{"self":[{"href":"https:\/\/www.europesays.com\/es\/wp-json\/wp\/v2\/posts\/156585","targetHints":{"allow":["GET"]}}],"collection":[{"href":"https:\/\/www.europesays.com\/es\/wp-json\/wp\/v2\/posts"}],"about":[{"href":"https:\/\/www.europesays.com\/es\/wp-json\/wp\/v2\/types\/post"}],"author":[{"embeddable":true,"href":"https:\/\/www.europesays.com\/es\/wp-json\/wp\/v2\/users\/2"}],"replies":[{"embeddable":true,"href":"https:\/\/www.europesays.com\/es\/wp-json\/wp\/v2\/comments?post=156585"}],"version-history":[{"count":0,"href":"https:\/\/www.europesays.com\/es\/wp-json\/wp\/v2\/posts\/156585\/revisions"}],"wp:featuredmedia":[{"embeddable":true,"href":"https:\/\/www.europesays.com\/es\/wp-json\/wp\/v2\/media\/156586"}],"wp:attachment":[{"href":"https:\/\/www.europesays.com\/es\/wp-json\/wp\/v2\/media?parent=156585"}],"wp:term":[{"taxonomy":"category","embeddable":true,"href":"https:\/\/www.europesays.com\/es\/wp-json\/wp\/v2\/categories?post=156585"},{"taxonomy":"post_tag","embeddable":true,"href":"https:\/\/www.europesays.com\/es\/wp-json\/wp\/v2\/tags?post=156585"}],"curies":[{"name":"wp","href":"https:\/\/api.w.org\/{rel}","templated":true}]}}