{"id":156589,"date":"2025-10-04T14:15:20","date_gmt":"2025-10-04T14:15:20","guid":{"rendered":"https:\/\/www.europesays.com\/es\/156589\/"},"modified":"2025-10-04T14:15:20","modified_gmt":"2025-10-04T14:15:20","slug":"espectacular-geiser-en-el-paseo-de-pamplona-de-zaragoza-por-una-fuga-de-aguas-residuales","status":"publish","type":"post","link":"https:\/\/www.europesays.com\/es\/156589\/","title":{"rendered":"Espectacular geiser en el paseo de Pamplona de Zaragoza por una fuga de aguas residuales"},"content":{"rendered":"<p>            Espectacular geiser en el paseo de Pamplona de Zaragoza por una fuga de aguas residuales                <\/p>\n<p>Espectacular geiser en el paseo de Pamplona de Zaragoza por una fuga de aguas residuales<\/p>\n<p class=\"epigraph\">T\u00e9cnicos municipales han revisado la zona y en torno a las 13.00 han abierto la llave de paso para que los vecinos recuperaran el suministro.<\/p>\n<p>            Exclusivo suscriptores<\/p>\n<ul class=\"list-authors\">\n<li>E. P\u00e9rez Beriain\/M\u00f3nica Fuentes<\/li>\n<\/ul>\n<p>\n                        NOTICIA<\/p>\n<p class=\"paragraph\">Un<b> enorme geiser<\/b> se ha formado este s\u00e1bado en el paseo de Pamplona de la capital aragonesa. Una fuga en una tuber\u00eda en una zona que ya est\u00e1 en obras<b> ha generado grandes charcos<\/b> y est\u00e1 captando la atenci\u00f3n de decenas de zaragozanos, que <b>no han perdido la ocasi\u00f3n para inmortalizar este momento. <\/b>La principal afecci\u00f3n se est\u00e1 registrando en la circulaci\u00f3n peatonal.\u00a0<\/p>\n<p>            Conforme a los criterios de<br \/>\n            <a class=\"trustproject_img\" id=\"trustproject_img\" href=\"https:\/\/thetrustproject.org\/\" target=\"_blank\" rel=\"nofollow noopener\" aria-label=\"Trust Project\"><img decoding=\"async\" loading=\"lazy\" src=\"https:\/\/www.heraldo.es\/images\/Trust-Logo-Horizontal.svg\" alt=\"Logo Trust Project\" width=\"200\" height=\"34\"\/><\/a><\/p>\n<p>        <a href=\"https:\/\/www.henneo.com\/\" title=\"Grupo Henneo\" class=\"logo\" rel=\"nofollow noopener\" target=\"_blank\"><br \/>\n            <img decoding=\"async\" src=\"https:\/\/www.heraldo.es\/images\/logo_henneo_gris.svg\" alt=\"Logo Henneo\" width=\"559\" height=\"389\" loading=\"lazy\"\/><br \/>\n        <\/a><\/p>\n<p>\u00a9 HERALDO DE ARAGON EDITORA, S.L.U.<br \/>Tel\u00e9fono 976 765 000 \/ &#8211; P\u00ba. Independencia, 29, 50001 Zaragoza &#8211; CIF: B99288763 &#8211; Inscrita en el Registro Mercantil de Zaragoza al Tomo 3796, Libro 0, Folio 177, Secci\u00f3n 8, Hoja Z-50564<br \/>Queda prohibida toda reproducci\u00f3n sin permiso escrito de la empresa a los efectos del art\u00edculo 32.1, p\u00e1rrafo segundo, de la Ley de Propiedad Intelectual<\/p>\n<p>\n                P\u00ba Independencia, 29, 50001 Zaragoza<br \/> Tel\u00e9fono 976 765 000\n            <\/p>\n<p>                    Actualmente tu navegador no permite ejecutar JavaScript. Para poder disfrutar de nuestro contenido es necesario que lo permita.<br \/>\n                                        <img decoding=\"async\" loading=\"lazy\" alt=\"Heraldo logo\" src=\"https:\/\/dkumiip2e9ary.cloudfront.net\/xalok\/heraldo\/especiales\/hola-de-nuevo\/logo-heraldo.svg\" width=\"215\" height=\"43\"\/><\/p>\n","protected":false},"excerpt":{"rendered":"Espectacular geiser en el paseo de Pamplona de Zaragoza por una fuga de aguas residuales Espectacular geiser en&hellip;\n","protected":false},"author":2,"featured_media":156590,"comment_status":"","ping_status":"","sticky":false,"template":"","format":"standard","meta":{"footnotes":""},"categories":[5],"tags":[17,18,25,24,5604,13,14,11,19,20,9,10,15,16,1358,24127,23,12,46837,21,22,491],"class_list":{"0":"post-156589","1":"post","2":"type-post","3":"status-publish","4":"format-standard","5":"has-post-thumbnail","7":"category-titulares","8":"tag-breaking-news","9":"tag-breakingnews","10":"tag-es","11":"tag-espana","12":"tag-espectacular","13":"tag-featured-news","14":"tag-featurednews","15":"tag-headlines","16":"tag-latest-news","17":"tag-latestnews","18":"tag-news","19":"tag-noticias","20":"tag-noticias-destacadas","21":"tag-noticiasdestacadas","22":"tag-pamplona","23":"tag-reventon","24":"tag-spain","25":"tag-titulares","26":"tag-tuberia","27":"tag-ultimas-noticias","28":"tag-ultimasnoticias","29":"tag-zaragoza"},"share_on_mastodon":{"url":"","error":""},"_links":{"self":[{"href":"https:\/\/www.europesays.com\/es\/wp-json\/wp\/v2\/posts\/156589","targetHints":{"allow":["GET"]}}],"collection":[{"href":"https:\/\/www.europesays.com\/es\/wp-json\/wp\/v2\/posts"}],"about":[{"href":"https:\/\/www.europesays.com\/es\/wp-json\/wp\/v2\/types\/post"}],"author":[{"embeddable":true,"href":"https:\/\/www.europesays.com\/es\/wp-json\/wp\/v2\/users\/2"}],"replies":[{"embeddable":true,"href":"https:\/\/www.europesays.com\/es\/wp-json\/wp\/v2\/comments?post=156589"}],"version-history":[{"count":0,"href":"https:\/\/www.europesays.com\/es\/wp-json\/wp\/v2\/posts\/156589\/revisions"}],"wp:featuredmedia":[{"embeddable":true,"href":"https:\/\/www.europesays.com\/es\/wp-json\/wp\/v2\/media\/156590"}],"wp:attachment":[{"href":"https:\/\/www.europesays.com\/es\/wp-json\/wp\/v2\/media?parent=156589"}],"wp:term":[{"taxonomy":"category","embeddable":true,"href":"https:\/\/www.europesays.com\/es\/wp-json\/wp\/v2\/categories?post=156589"},{"taxonomy":"post_tag","embeddable":true,"href":"https:\/\/www.europesays.com\/es\/wp-json\/wp\/v2\/tags?post=156589"}],"curies":[{"name":"wp","href":"https:\/\/api.w.org\/{rel}","templated":true}]}}