{"id":156591,"date":"2025-10-04T14:16:09","date_gmt":"2025-10-04T14:16:09","guid":{"rendered":"https:\/\/www.europesays.com\/es\/156591\/"},"modified":"2025-10-04T14:16:09","modified_gmt":"2025-10-04T14:16:09","slug":"lobe-huesca-a-mejorar-para-sorprender-al-granollers-en-el-palacio","status":"publish","type":"post","link":"https:\/\/www.europesays.com\/es\/156591\/","title":{"rendered":"Lobe Huesca, a mejorar para sorprender al Granollers en el Palacio"},"content":{"rendered":"<p class=\"paragraph\"><b>El Bada Huesca trata de enderezar al calor de su p\u00fablico un inicio de liga dubitativo, <\/b>especialmente a domicilio. Mantener la fortaleza en el Palacio de Deportes, donde consigui\u00f3 vencer a Aranda con cierta solvencia, puede compensarlo y darle un poso de confianza.<\/p>\n<p class=\"paragraph\">Pero no se ser\u00e1 una misi\u00f3n sencilla, pues <b>recibe al Fraikin Granollers, que ha ganado sus tres primeros partidos y que opta a liderato en solitario<\/b> de la Asobal (el Bar\u00e7a tiene un partido aplazado).<\/p>\n<p class=\"paragraph\"><b>El equipo de Jos\u00e9 Nolasco ha mostrado aspectos positivos en el arranque pero tambi\u00e9n sombras <\/b>que le han impedido ser lo competitivo que desea. Corregir esos problemas es el primer paso para tener opciones de sumar ante el Granollers.<\/p>\n<p class=\"paragraph\">El principal problema del equipo hasta ahora ha sido la eficacia lanzadora. <b>El equipo oscense est\u00e1 desaprovechando muchos lanzamientos tanto de 6 metros como de 7 metros. <\/b>Ha generado situaciones contra el portero tanto superando a las defensas como arrancando penaltis (es el equipo que m\u00e1s ha lanzado). Pero no ha tenido el acierto o el temple suficiente para alcanzar porcentajes positivos o incluso razonables. Y<b> esos fallos los ha pagado vi\u00e9ndose fuera de los partidos, a distancia de los rivales<\/b> y con una presi\u00f3n a\u00f1adida que tampoco le ha ayudado.<\/p>\n<p class=\"paragraph\">La intenci\u00f3n es, por tanto, seguir generando de la misma forma, pero con m\u00e1s goles producidos. Tambi\u00e9n evitar alguna p\u00e9rdida de bal\u00f3n de m\u00e1s que se puede pagar en forma de contraataque.<\/p>\n<p class=\"paragraph\"><b>Defensivamente el rendimiento del equipo ha sido bastante razonable, incluso con momentos buenos<\/b>, pero tambi\u00e9n encajando a tramos goles demasido f\u00e1ciles en acciones muy directas de los rivales, en penetraciones de los centrales o en lanzamientos de los laterales sin excesiva oposici\u00f3n.<\/p>\n<p class=\"paragraph\">De lo mejor del equipo hasta el momento ha sido la poter\u00eda y debe seguir si\u00e9ndolo, incluso aumentando su contribuci\u00f3n con el apoyo de la defensa.<\/p>\n<p class=\"paragraph\"><b>El Granollers va a medir hoy todas las fortalezas y debilidades del equipo oscense,<\/b> pues es un equipo fuerte y que ha demostrado hasta el momento que los profundos cambios en la plantilla no le han restado un \u00e1pice de poder\u00edo.<\/p>\n<p class=\"paragraph\">Nolasco avisaba de que <b>el Bada se va a encontrar una defensa que trata de disuadir y llevar a los equipos al centro para enredarlos.<\/b> Los oscenses deben tratar de evitarlo con un juego amplio y con verticalidad y decisi\u00f3n para aprovechar los espacios.<\/p>\n<p class=\"paragraph\">Evitar las p\u00e9rdidas y los malos lanzamientos es fundamental para no sufrir castigo ante un equipo que tiene en el contraataque su primer recurso.<\/p>\n<p class=\"paragraph\"><b>Obligar a los catalanes a atacar en juego posicional es fundamental <\/b>para controlarlos. Y, a\u00fan as\u00ed no ser\u00e1 sencillo, pues tienen mucha calidad.<\/p>\n<p class=\"paragraph\">Bruno Reguart ha regresado para asumir el mando del juego junto con Tarsicio Freitas. Ambos son buenos directores y goleadores. Otro que ha vuelto y es <b>un peligro constante en 6 metros es el pivote internacional Adri\u00e1 Figueras.<\/b><\/p>\n<p class=\"paragraph\"><b>Y en general, Granollers es un equipo con muy buen uno contra uno y poder\u00edo lanzador en primera l\u00ednea<\/b>, con jugadores como Pablo Urdangar\u00edn o Marcos Fis, jugadores que hacen honor a sus ilustres apellidos balonmanisticos, con Juan Palomino o con Gerard Domingo. Ello, sin olvidar a unos extremos veloces y eficaces.<\/p>\n","protected":false},"excerpt":{"rendered":"El Bada Huesca trata de enderezar al calor de su p\u00fablico un inicio de liga dubitativo, especialmente a&hellip;\n","protected":false},"author":2,"featured_media":114742,"comment_status":"","ping_status":"","sticky":false,"template":"","format":"standard","meta":{"footnotes":""},"categories":[278],"tags":[376,168,25,24,21313,375,1265,3483,6481,2867,23,167],"class_list":{"0":"post-156591","1":"post","2":"type-post","3":"status-publish","4":"format-standard","5":"has-post-thumbnail","7":"category-balonmano","8":"tag-balonmano","9":"tag-deportes","10":"tag-es","11":"tag-espana","12":"tag-granollers","13":"tag-handball","14":"tag-huesca","15":"tag-mejorar","16":"tag-palacio","17":"tag-sorprender","18":"tag-spain","19":"tag-sports"},"share_on_mastodon":{"url":"","error":""},"_links":{"self":[{"href":"https:\/\/www.europesays.com\/es\/wp-json\/wp\/v2\/posts\/156591","targetHints":{"allow":["GET"]}}],"collection":[{"href":"https:\/\/www.europesays.com\/es\/wp-json\/wp\/v2\/posts"}],"about":[{"href":"https:\/\/www.europesays.com\/es\/wp-json\/wp\/v2\/types\/post"}],"author":[{"embeddable":true,"href":"https:\/\/www.europesays.com\/es\/wp-json\/wp\/v2\/users\/2"}],"replies":[{"embeddable":true,"href":"https:\/\/www.europesays.com\/es\/wp-json\/wp\/v2\/comments?post=156591"}],"version-history":[{"count":0,"href":"https:\/\/www.europesays.com\/es\/wp-json\/wp\/v2\/posts\/156591\/revisions"}],"wp:featuredmedia":[{"embeddable":true,"href":"https:\/\/www.europesays.com\/es\/wp-json\/wp\/v2\/media\/114742"}],"wp:attachment":[{"href":"https:\/\/www.europesays.com\/es\/wp-json\/wp\/v2\/media?parent=156591"}],"wp:term":[{"taxonomy":"category","embeddable":true,"href":"https:\/\/www.europesays.com\/es\/wp-json\/wp\/v2\/categories?post=156591"},{"taxonomy":"post_tag","embeddable":true,"href":"https:\/\/www.europesays.com\/es\/wp-json\/wp\/v2\/tags?post=156591"}],"curies":[{"name":"wp","href":"https:\/\/api.w.org\/{rel}","templated":true}]}}