{"id":156603,"date":"2025-10-04T14:33:09","date_gmt":"2025-10-04T14:33:09","guid":{"rendered":"https:\/\/www.europesays.com\/es\/156603\/"},"modified":"2025-10-04T14:33:09","modified_gmt":"2025-10-04T14:33:09","slug":"cayetano-martinez-de-irujo-y-barbara-mirjan-se-dan-el-si-quiero-en-una-emocionante-boda-en-sevilla","status":"publish","type":"post","link":"https:\/\/www.europesays.com\/es\/156603\/","title":{"rendered":"Cayetano Mart\u00ednez de Irujo y B\u00e1rbara Mirjan se dan el &#8216;s\u00ed, quiero&#8217; en una emocionante boda en Sevilla"},"content":{"rendered":"<p>04\/10\/2025<br \/>\n<br \/><strong><br \/>\nActualizado a las 15:53h.<br \/>\n<\/strong><\/p>\n<p class=\"voc-p\" style=\"\">Sevilla amaneci\u00f3 con ese brillo dorado que solo tiene cuando huele a acontecimiento grande. Era una ma\u00f1ana de s\u00e1bado, pero no una cualquiera, en la calle que lleva al <a href=\"https:\/\/www.abc.es\/sevilla\/ciudad\/iglesia-casan-sabado-cayetano-martinez-irujo-barbara-20251003064610-nts.html\" title=\"www.abc.es\" data-voc-vtm-id=\"in-text-traffic\" data-mrf-link=\"www.abc.es\" rel=\"nofollow noopener\" target=\"_blank\">santuario de los Gitanos<\/a> no cab\u00eda un alfiler. Desde antes de las once, los<strong> curiosos se arremolinaban tras las vallas,<\/strong> abanicos en mano, m\u00f3viles alzados y una ilusi\u00f3n casi devocional: ver de cerca la <strong>boda del a\u00f1o<\/strong>. Porque no era una matrimonio cualquiera. Se casaba <strong>Cayetano Mart\u00ednez de Irujo<\/strong>, el quinto hijo de la duquesa de Alba, con <strong>B\u00e1rbara Mirj\u00e1n<\/strong>, su novia desde hace nueve a\u00f1os. \u00c9l, con 62; ella, con 29. Medio siglo de historia aristocr\u00e1tica frente a una juventud serena y moderna, una mezcla de tradici\u00f3n y presente que ten\u00eda a toda Sevilla mirando hacia el lugar donde reposan las cenizas de do\u00f1a Cayetana.<\/p>\n<p class=\"voc-p\" style=\"\">Los Gitanos, engalanado para la ocasi\u00f3n, viv\u00eda su<strong> tercera boda del d\u00eda<\/strong>, en una marat\u00f3n de enlaces donde la expectaci\u00f3n se multiplicaba con cada minuto que pasaba. Hasta la novia anterior, al entrar, solt\u00f3 entre risas: \u00abA ver si cuando me vea Cayetano va a cambiar de idea y se casa conmigo\u00bb. Sevilla, que todo lo celebra, respondi\u00f3 con carcajadas y flashes. Mientras tanto, a escasos metros, una manifestaci\u00f3n por Palestina cortaba la calle. Pero ni el ruido ni el calor sofocante \u2014aplacado con abanicos de esparto que se repart\u00edan en la entrada\u2014 lograron desviar la atenci\u00f3n de los all\u00ed presentes.<\/p>\n<p class=\"voc-p\" style=\"\">Alfonso fue el primero en llegar. Despu\u00e9s, uno a uno, los <strong>nombres ilustres<\/strong> fueron cruzando el umbral: Eugenia Mart\u00ednez de Irujo, radiante y cercana; Curro Romero y Carmen Tello, entrando discretamente por la casa de hermandad; Carmen Lomana, Alfonso Mart\u00ednez de Irujo, Bert\u00edn Osborne, Jaime Mart\u00ednez Bordi\u00fa, Susana Griso\u2026 y, para sorpresa de muchos su sobrino Jacobo, incluso, cuyo paso estaba en duda hasta el \u00faltimo minuto.<\/p>\n<p class=\"voc-p\" style=\"\">A las 13:38 llegaba el novio con el uniforme rojo de Maestrante y del brazo de su <strong>hija Amina<\/strong>, emocionada y elegante, en un gesto que condensaba mucha felicidad. Y entre los murmullos, los abanicos y el eco de los flashes, a las 13:57 el gent\u00edo estall\u00f3 en aplausos: un coche de <strong>caballos asomaba por la cuesta,<\/strong> trayendo a B\u00e1rbara Mirj\u00e1n, del brazo de su padre, Javier Mirj\u00e1n. Ella, envuelta en un <strong>dise\u00f1o de Navascu\u00e9s<\/strong>, parec\u00eda una estampa sevillana salida de un cuadro de Romero de Torres. Serenidad en el gesto, brillo en la mirada. Dentro, el padre<strong> Ignacio S\u00e1nchez-Dalp<\/strong> \u2014el mismo que cas\u00f3 a Cayetana con Alfonso D\u00edez\u2014 aguardaba. <\/p>\n<p><img decoding=\"async\" loading=\"lazy\" src=\"https:\/\/www.europesays.com\/es\/wp-content\/uploads\/2025\/10\/novios-coche-caballos-kX2D--760x427@diario_abc.jpg\" class=\"voc-img\" width=\"760\" height=\"427\" alt=\"El ya matrimonio se marcha de la plaza Se\u00f1or de la Salud en coche de caballos\" data-voc-vtm-id=\"in-text-traffic\"\/><\/p>\n<p>El ya matrimonio se marcha de la plaza Se\u00f1or de la Salud en coche de caballos<\/p>\n<p>Manuel Olmedo<\/p>\n<p class=\"voc-p\" style=\"\">La ceremonia fue pura <strong>solemnidad sevillana<\/strong>, con ese aire de tradici\u00f3n que la familia Alba sabe conjugar con el espect\u00e1culo de lo social. <\/p>\n<p class=\"voc-p\" style=\"\">El silencio se hizo en el santuario cuando comenzaba la homil\u00eda del padre Ignacio S\u00e1nchez-Dalp, que, con voz serena y cercana, habl\u00f3 del amor como \u00abla mayor de las cosas que llenan el coraz\u00f3n\u00bb. Record\u00f3 c\u00f3mo las vidas de Cayetano y B\u00e1rbara <strong>se cruzaron aquel 11 de agosto de 2016 en Marbella,<\/strong> \u00abcuando el Se\u00f1or ya pens\u00f3 que entre todas las personas del mundo os hab\u00edais escogido los mejores el uno al otro\u00bb. Invit\u00f3 a los novios a <strong>\u00abseguir siendo novios toda la vida\u00bb<\/strong> y a mantener sus corazones sin secretos: \u00abQue no haya un cuarto oscuro en el coraz\u00f3n de B\u00e1rbara al que no pueda acceder Cayetano, ni una esquina reservada en el coraz\u00f3n de Cayetano donde no entre B\u00e1rbara\u00bb. <\/p>\n<p class=\"voc-p\" style=\"\">Minutos despu\u00e9s, con la emoci\u00f3n a\u00fan contenida, lleg\u00f3 el momento de las alianzas y el templo se llen\u00f3 del eco<strong> solemne del Himno de Espa\u00f1a.<\/strong> Durante la comuni\u00f3n, son\u00f3 la marcha &#8216;La Saeta&#8217;, devolviendo el aire m\u00e1s puro de Sevilla al santuario. En el banco de la familia, <strong>Alfonso D\u00edez<\/strong>, sereno y discreto, compart\u00eda asiento con Carlos Juan Fitz-James Stuart y Mart\u00ednez de Irujo <strong>duque de Alba<\/strong>, testigo privilegiado de una ceremonia cargada de s\u00edmbolos. Y como colof\u00f3n, la noticia de que el <strong>Papa Le\u00f3n XIV<\/strong> hab\u00eda concedido al matrimonio su bendici\u00f3n apost\u00f3lica dio al enlace un broche de espiritualidad y elegancia, sellando as\u00ed una uni\u00f3n tan esperada como bendecida.<\/p>\n<p class=\"voc-p\" style=\"\">Al t\u00e9rmino del enlace, los invitados \u2014unos trescientos elegidos\u2014 han partido hacia <a href=\"https:\/\/www.abc.es\/sevilla\/provincia\/lujosa-finca-sevilla-casara-cayetano-martinez-irujo-20250905125455-nts.html\" title=\"www.abc.es\" data-voc-vtm-id=\"in-text-traffic\" data-mrf-link=\"www.abc.es\" rel=\"nofollow noopener\" target=\"_blank\">Las Arroyuelas<\/a>, la finca de Carmona que Cayetano hered\u00f3 de su madre. All\u00ed, en el cortijo de La Motilla, espera un <a href=\"https:\/\/www.abc.es\/sevilla\/ciudad\/recomendaciones-cayetano-alba-barbara-mirjan-invitados-boda-20251003175723-nts.html\" title=\"www.abc.es\" data-voc-vtm-id=\"in-text-traffic\" data-mrf-link=\"www.abc.es\" rel=\"nofollow noopener\" target=\"_blank\">banquete de sabor andaluz<\/a>: jam\u00f3n reci\u00e9n cortado, carnes, pescados, vinos del sur y, m\u00e1s tarde, barra libre y actuaciones de los Alpresa. <\/p>\n<p><img decoding=\"async\" loading=\"lazy\" src=\"https:\/\/s1.abcstatics.com\/abc\/www\/multimedia\/sevilla\/2025\/10\/04\/amina-cayetana-alba-U603482068719s7F--760x427@diario_abc.jpg\" class=\"voc-img\" width=\"760\" height=\"427\" alt=\"Amina, hija y madrina del novio, saluda a sus familiares\" data-voc-vtm-id=\"in-text-traffic\"\/><\/p>\n<p>Amina, hija y madrina del novio, saluda a sus familiares<\/p>\n<p>Manuel olmedo<\/p>\n<p class=\"voc-p\" style=\"\">Se espera que la fiesta se prolongue hasta bien entrada la madrugada, bajo el cielo sereno de Carmona, donde la duquesa \u2014si el alma tiene balcones\u2014 mirar\u00e1 orgullosa. No en vano, ma\u00f1ana ser\u00eda el <strong>decimocuarto aniversario de su boda<\/strong> con Alfonso D\u00edez. Hoy, sin embargo, la historia la escriben otros. Y Sevilla, fiel a su instinto, ha sabido convertir la espera, los rumores y los abanicos en un espect\u00e1culo propio. Porque si algo sabe esta ciudad es hacer del amor \u2014y de la expectaci\u00f3n\u2014 un arte mayor.<\/p>\n<p>Reportar un error<\/p>\n","protected":false},"excerpt":{"rendered":"04\/10\/2025 Actualizado a las 15:53h. Sevilla amaneci\u00f3 con ese brillo dorado que solo tiene cuando huele a acontecimiento&hellip;\n","protected":false},"author":2,"featured_media":156604,"comment_status":"","ping_status":"","sticky":false,"template":"","format":"standard","meta":{"footnotes":""},"categories":[91],"tags":[38503,4812,7441,146,147,25,24,36166,825,45927,10474,23],"class_list":{"0":"post-156603","1":"post","2":"type-post","3":"status-publish","4":"format-standard","5":"has-post-thumbnail","7":"category-entretenimiento","8":"tag-barbara","9":"tag-cayetano","10":"tag-dan","11":"tag-entertainment","12":"tag-entretenimiento","13":"tag-es","14":"tag-espana","15":"tag-irujo","16":"tag-martinez","17":"tag-mirjan","18":"tag-quiero","19":"tag-spain"},"share_on_mastodon":{"url":"","error":""},"_links":{"self":[{"href":"https:\/\/www.europesays.com\/es\/wp-json\/wp\/v2\/posts\/156603","targetHints":{"allow":["GET"]}}],"collection":[{"href":"https:\/\/www.europesays.com\/es\/wp-json\/wp\/v2\/posts"}],"about":[{"href":"https:\/\/www.europesays.com\/es\/wp-json\/wp\/v2\/types\/post"}],"author":[{"embeddable":true,"href":"https:\/\/www.europesays.com\/es\/wp-json\/wp\/v2\/users\/2"}],"replies":[{"embeddable":true,"href":"https:\/\/www.europesays.com\/es\/wp-json\/wp\/v2\/comments?post=156603"}],"version-history":[{"count":0,"href":"https:\/\/www.europesays.com\/es\/wp-json\/wp\/v2\/posts\/156603\/revisions"}],"wp:featuredmedia":[{"embeddable":true,"href":"https:\/\/www.europesays.com\/es\/wp-json\/wp\/v2\/media\/156604"}],"wp:attachment":[{"href":"https:\/\/www.europesays.com\/es\/wp-json\/wp\/v2\/media?parent=156603"}],"wp:term":[{"taxonomy":"category","embeddable":true,"href":"https:\/\/www.europesays.com\/es\/wp-json\/wp\/v2\/categories?post=156603"},{"taxonomy":"post_tag","embeddable":true,"href":"https:\/\/www.europesays.com\/es\/wp-json\/wp\/v2\/tags?post=156603"}],"curies":[{"name":"wp","href":"https:\/\/api.w.org\/{rel}","templated":true}]}}