{"id":156613,"date":"2025-10-04T14:38:15","date_gmt":"2025-10-04T14:38:15","guid":{"rendered":"https:\/\/www.europesays.com\/es\/156613\/"},"modified":"2025-10-04T14:38:15","modified_gmt":"2025-10-04T14:38:15","slug":"nos-vamos-adaptando-a-lo-que-el-equipo-va-pidiendo-y-esperamos-acertar","status":"publish","type":"post","link":"https:\/\/www.europesays.com\/es\/156613\/","title":{"rendered":"Nos vamos adaptando a lo que el equipo va pidiendo y esperamos acertar"},"content":{"rendered":"<p data-gtm-element-container=\"modulo-texto-link\" class=\"paragraph\"><strong>Diego Simeone,<\/strong> entrenador del <strong>Atl\u00e9tico de Madrid<\/strong>, compareci\u00f3 ante los medios de comunicaci\u00f3n en la previa del encuentro que su equipo disputar\u00e1 el domingo a las 21 horas frente al <strong>Celta de Vigo<\/strong> en Bala\u00eddos.<\/p>\n<p data-gtm-element-container=\"modulo-texto-link\" class=\"paragraph\"><strong>Thiago Almada<\/strong><\/p>\n<p data-gtm-element-container=\"modulo-texto-link\" class=\"paragraph\">\u00abEst\u00e1 entrenando bien, se lesion\u00f3 con la selecci\u00f3n. Est\u00e1 recuper\u00e1ndose bastante bien, ayer hizo el primer entrenamiento, hoy una parte, no est\u00e1 todav\u00eda para competir, lo cuidaremos esperando que se recupere lo mejor posible y que con Osasuna imagino que estar\u00e1 bien\u00bb.<\/p>\n<p>        Lee tambi\u00e9n<\/p>\n<p>    Javier G. G\u00f3mara<\/p>\n<p>             <img loading=\"lazy\" decoding=\"async\" data-full-src=\"https:\/\/www.mundodeportivo.com\/uploads\/2025\/08\/20\/68a59f7b737da.jpeg\" alt=\"Horizontal\" width=\"334\" height=\"164\" src=\"https:\/\/www.europesays.com\/es\/wp-content\/uploads\/2025\/10\/68a59f7b737da.jpeg\" class=\"lazy\"\/><\/p>\n<p data-gtm-element-container=\"modulo-texto-link\" class=\"paragraph\"><strong>La selecci\u00f3n le convoca sabiendo que no estaba para competir<\/strong><\/p>\n<p data-gtm-element-container=\"modulo-texto-link\" class=\"paragraph\">\u00abCelta, Celta\u00bb.<\/p>\n<p data-gtm-element-container=\"modulo-texto-link\" class=\"paragraph\"><strong>Marcos Llorente<\/strong><\/p>\n<p data-gtm-element-container=\"modulo-texto-link\" class=\"paragraph\">\u00abMe alegro much\u00edsimo por Marcos, estar con la selecci\u00f3n es maravilloso, un premio a lo que haces con tu club. A disfrutar porque es muy bonito. Se lo merece. Tiene alguna dolencia y est\u00e1 trabajando bien, esperando hacer ma\u00f1ana un buen partido\u00bb.<\/p>\n<p data-gtm-element-container=\"modulo-texto-link\" class=\"paragraph\">F\u00fatbol estado de \u00e1nimo, c\u00f3mo se mantiene la racha<\/p>\n<p data-gtm-element-container=\"modulo-texto-link\" class=\"paragraph\"><strong>\u00abEl equipo est\u00e1 trabajando bien, ganar te genera entusiasmo.<\/strong> Ma\u00f1ana enfrentamos a un rival que juega bien, me gusta mucho el Celta, los partidos que ha empatado los mereci\u00f3 ganar pero es f\u00fatbol. El jueves hicieron un d\u00eda importante. Un equipo agresivo, valiente ofensivamente, que su posicionamiento para atacar es para hacer da\u00f1o al rival\u00bb.<\/p>\n<p data-gtm-element-container=\"modulo-texto-link\" class=\"paragraph\"><strong>Aprendiendo a defender con bal\u00f3n, era la hoja de ruta tener m\u00e1s bal\u00f3n<\/strong><\/p>\n<p data-gtm-element-container=\"modulo-texto-link\" class=\"paragraph\">\u00abLas caracter\u00edsticas de los futbolistas terminan marcando el estilo de los equipos, los entrenadores no se pueden imponer. Nos vamos adaptando a lo que el equipo va pidiendo y esperamos acertar\u00bb.<\/p>\n<p data-gtm-element-container=\"modulo-texto-link\" class=\"paragraph\"><strong>Pablo Barrios<\/strong><\/p>\n<p data-gtm-element-container=\"modulo-texto-link\" class=\"paragraph\">\u00abUn chico joven, del club, crece en todo, en su personalidad, car\u00e1cter, forma de jugar. Nos ayuda mucho de interno o mediocentro y el margen de mejora es infinito, hasta donde uno quiera seguir creciendo. Nosotros estamos aqu\u00ed para ayudarlo y \u00e9l desde su humildad, que la tiene, seguir aprendiendo\u00bb.<\/p>\n<p>        Lee tambi\u00e9n<\/p>\n<p>    Javier G. G\u00f3mara<\/p>\n<p>             <img loading=\"lazy\" decoding=\"async\" data-full-src=\"https:\/\/www.mundodeportivo.com\/uploads\/2025\/09\/26\/68d6eabe2709a.jpeg\" alt=\"Horizontal\" width=\"334\" height=\"164\" src=\"https:\/\/www.europesays.com\/es\/wp-content\/uploads\/2025\/10\/68d6eabe2709a.r_d.3000-1767.jpeg\" class=\"lazy\"\/><\/p>\n<p data-gtm-element-container=\"modulo-texto-link\" class=\"paragraph\"><strong>Baena<\/strong><\/p>\n<p data-gtm-element-container=\"modulo-texto-link\" class=\"paragraph\">\u00abEl equipo en este \u00faltimo tramo encontr\u00f3 un patr\u00f3n de juego. \u00c9l ven\u00eda recuper\u00e1ndose, hizo un gran esfuerzo para estar y eso es importante y lo valoro much\u00edsimo. Est\u00e1 en el proceso de encontrar su mejor nivel. Contentos porque vaya con la selecci\u00f3n, que juegue, que coja ritmo, y vuelva mejor a\u00fan de lo que est\u00e1 hoy\u00bb.<\/p>\n<p data-gtm-element-container=\"modulo-texto-link\" class=\"paragraph\"><strong>Ganar fuera de casa asignatura pendiente<\/strong><\/p>\n<p data-gtm-element-container=\"modulo-texto-link\" class=\"paragraph\">\u00abTodos los partidos los enfrentamos desde el mismo lugar, con el mismo entusiasmo y esperamos seguir ma\u00f1ana la l\u00ednea en la que estamos\u00bb<\/p>\n","protected":false},"excerpt":{"rendered":"Diego Simeone, entrenador del Atl\u00e9tico de Madrid, compareci\u00f3 ante los medios de comunicaci\u00f3n en la previa del encuentro&hellip;\n","protected":false},"author":2,"featured_media":156614,"comment_status":"","ping_status":"","sticky":false,"template":"","format":"standard","meta":{"footnotes":""},"categories":[5],"tags":[17,18,25,24,13,14,11,19,20,9,10,15,16,23,12,21,22],"class_list":{"0":"post-156613","1":"post","2":"type-post","3":"status-publish","4":"format-standard","5":"has-post-thumbnail","7":"category-titulares","8":"tag-breaking-news","9":"tag-breakingnews","10":"tag-es","11":"tag-espana","12":"tag-featured-news","13":"tag-featurednews","14":"tag-headlines","15":"tag-latest-news","16":"tag-latestnews","17":"tag-news","18":"tag-noticias","19":"tag-noticias-destacadas","20":"tag-noticiasdestacadas","21":"tag-spain","22":"tag-titulares","23":"tag-ultimas-noticias","24":"tag-ultimasnoticias"},"share_on_mastodon":{"url":"","error":""},"_links":{"self":[{"href":"https:\/\/www.europesays.com\/es\/wp-json\/wp\/v2\/posts\/156613","targetHints":{"allow":["GET"]}}],"collection":[{"href":"https:\/\/www.europesays.com\/es\/wp-json\/wp\/v2\/posts"}],"about":[{"href":"https:\/\/www.europesays.com\/es\/wp-json\/wp\/v2\/types\/post"}],"author":[{"embeddable":true,"href":"https:\/\/www.europesays.com\/es\/wp-json\/wp\/v2\/users\/2"}],"replies":[{"embeddable":true,"href":"https:\/\/www.europesays.com\/es\/wp-json\/wp\/v2\/comments?post=156613"}],"version-history":[{"count":0,"href":"https:\/\/www.europesays.com\/es\/wp-json\/wp\/v2\/posts\/156613\/revisions"}],"wp:featuredmedia":[{"embeddable":true,"href":"https:\/\/www.europesays.com\/es\/wp-json\/wp\/v2\/media\/156614"}],"wp:attachment":[{"href":"https:\/\/www.europesays.com\/es\/wp-json\/wp\/v2\/media?parent=156613"}],"wp:term":[{"taxonomy":"category","embeddable":true,"href":"https:\/\/www.europesays.com\/es\/wp-json\/wp\/v2\/categories?post=156613"},{"taxonomy":"post_tag","embeddable":true,"href":"https:\/\/www.europesays.com\/es\/wp-json\/wp\/v2\/tags?post=156613"}],"curies":[{"name":"wp","href":"https:\/\/api.w.org\/{rel}","templated":true}]}}