{"id":156623,"date":"2025-10-04T14:47:18","date_gmt":"2025-10-04T14:47:18","guid":{"rendered":"https:\/\/www.europesays.com\/es\/156623\/"},"modified":"2025-10-04T14:47:18","modified_gmt":"2025-10-04T14:47:18","slug":"el-salamanca-uds-se-cubre-las-espaldas-y-solicita-las-pistas-para-el-partido-contra-la-sd-sarriana","status":"publish","type":"post","link":"https:\/\/www.europesays.com\/es\/156623\/","title":{"rendered":"El Salamanca UDS se cubre las espaldas y solicita Las Pistas para el partido contra la SD Sarriana"},"content":{"rendered":"<p><img fetchpriority=\"high\" class=\"v-a-img\" src=\"https:\/\/www.europesays.com\/es\/wp-content\/uploads\/2025\/10\/yeeyeyeyeyyeyeyye-Rvcp1Xwb6lXjN9UlRAHcWaO-1200x840@Gaceta Salamanca.jpg\" loading=\"eager\" decoding=\"async\" alt=\"El Salamanca UDS se cubre las espaldas y solicita Las Pistas para el partido contra la SD Sarriana\"  width=\"1200\" height=\"840\"\/><\/p>\n<p>El encuentro corresponde a la sexta jornada y se celebra el pr\u00f3ximo s\u00e1bado, 11 de octubre, a las 17:00 horas<\/p>\n<p><a class=\"v-mdl-ath__fig-a\" href=\"https:\/\/www.lagacetadesalamanca.es\/autor\/alex-g-santana-6000.html\" title=\"Alex G. Santana\" rel=\"nofollow noopener\" target=\"_blank\"><br \/>\n<img decoding=\"async\" class=\"v-mdl-ath__img\" src=\"https:\/\/www.europesays.com\/es\/wp-content\/uploads\/2025\/09\/autor-6000-foto-1.png\" alt=\"Alex G. Santana\"\/><br \/>\n<\/a><\/p>\n<p class=\"v-mdl-ath__p v-mdl-ath__p--6\">\nMartes, 30 de septiembre 2025, 09:49<\/p>\n<p class=\"v-p\">El siguiente compromiso del <strong>Salamanca UDS<\/strong> como local ser\u00e1 el de la sexta jornada contra la Sociedad Deportiva Sarriana. Aunque el <strong>objetivo del club<\/strong> es que ya se pueda <strong>disputar en el estadio Helm\u00e1ntico<\/strong>, para cubrirse las espaldas el club ya ha solicitado al Ayuntamiento Las Pistas. Adem\u00e1s, para disputarlo el s\u00e1bado, 11 de octubre, a las 17:00 horas.<\/p>\n<p class=\"v-p\">En principio, <strong>a mayor parte de las obras<\/strong> en el estadio <strong>est\u00e1n finalizadas o a punto<\/strong>, pero siguen faltando <strong>algunos aspectos relativos a la electricidad<\/strong>, que es en lo que <strong>m\u00e1s incidi\u00f3 el informe de los t\u00e9cnicos<\/strong> de Villares de la Reina.<\/p>\n<p>Reporta un error<\/p>\n","protected":false},"excerpt":{"rendered":"El encuentro corresponde a la sexta jornada y se celebra el pr\u00f3ximo s\u00e1bado, 11 de octubre, a las&hellip;\n","protected":false},"author":2,"featured_media":156624,"comment_status":"","ping_status":"","sticky":false,"template":"","format":"standard","meta":{"footnotes":""},"categories":[268],"tags":[46841,168,25,46842,24,280,282,1045,15316,3614,25575,281,12043,23,167],"class_list":{"0":"post-156623","1":"post","2":"type-post","3":"status-publish","4":"format-standard","5":"has-post-thumbnail","7":"category-futbol","8":"tag-cubre","9":"tag-deportes","10":"tag-es","11":"tag-espaldas","12":"tag-espana","13":"tag-football","14":"tag-futbol","15":"tag-partido","16":"tag-pistas","17":"tag-salamanca","18":"tag-sarriana","19":"tag-soccer","20":"tag-solicita","21":"tag-spain","22":"tag-sports"},"share_on_mastodon":{"url":"","error":""},"_links":{"self":[{"href":"https:\/\/www.europesays.com\/es\/wp-json\/wp\/v2\/posts\/156623","targetHints":{"allow":["GET"]}}],"collection":[{"href":"https:\/\/www.europesays.com\/es\/wp-json\/wp\/v2\/posts"}],"about":[{"href":"https:\/\/www.europesays.com\/es\/wp-json\/wp\/v2\/types\/post"}],"author":[{"embeddable":true,"href":"https:\/\/www.europesays.com\/es\/wp-json\/wp\/v2\/users\/2"}],"replies":[{"embeddable":true,"href":"https:\/\/www.europesays.com\/es\/wp-json\/wp\/v2\/comments?post=156623"}],"version-history":[{"count":0,"href":"https:\/\/www.europesays.com\/es\/wp-json\/wp\/v2\/posts\/156623\/revisions"}],"wp:featuredmedia":[{"embeddable":true,"href":"https:\/\/www.europesays.com\/es\/wp-json\/wp\/v2\/media\/156624"}],"wp:attachment":[{"href":"https:\/\/www.europesays.com\/es\/wp-json\/wp\/v2\/media?parent=156623"}],"wp:term":[{"taxonomy":"category","embeddable":true,"href":"https:\/\/www.europesays.com\/es\/wp-json\/wp\/v2\/categories?post=156623"},{"taxonomy":"post_tag","embeddable":true,"href":"https:\/\/www.europesays.com\/es\/wp-json\/wp\/v2\/tags?post=156623"}],"curies":[{"name":"wp","href":"https:\/\/api.w.org\/{rel}","templated":true}]}}