{"id":156632,"date":"2025-10-04T14:56:10","date_gmt":"2025-10-04T14:56:10","guid":{"rendered":"https:\/\/www.europesays.com\/es\/156632\/"},"modified":"2025-10-04T14:56:10","modified_gmt":"2025-10-04T14:56:10","slug":"sofia-palazuelo-ha-llevado-el-vestido-capa-que-necesitan-todas-las-invitadas-de-otono","status":"publish","type":"post","link":"https:\/\/www.europesays.com\/es\/156632\/","title":{"rendered":"Sof\u00eda Palazuelo ha llevado el vestido capa que necesitan todas las invitadas de oto\u00f1o"},"content":{"rendered":"<p><strong>Sof\u00eda Palazuelo<\/strong> parece tener un don. Es de las que nunca falla con sus looks, desde los m\u00e1s casuales hasta los que exigen la m\u00e1xima elegancia. Y hoy ha vuelto a record\u00e1rnoslo con gran habilidad en la boda de Cayetano Mart\u00ednez de Irujo y <a href=\"https:\/\/www.glamour.es\/articulos\/barbara-mirjan-cayetano-martinez-irujo-sandalias-plataforma\" rel=\"nofollow noopener\" target=\"_blank\">B\u00e1rbara Mirjan<\/a> con un vestido capa de color verde y muy oto\u00f1al de la firma madrile\u00f1a . Esper\u00e1bamos su look con ansias y <strong>ha cumplido todas nuestras expectativas<\/strong> porque ha elegido un atuendo que le sienta fenomenal tras el reciente embarazo de su tercer hijo.<\/p>\n<p>El \u00e9xito de la duquesa de Hu\u00e9scar reside en la <strong>sobriedad, entendida desde un enfoque minimalista.<\/strong> L\u00edneas depuradas, colores neutros y detalles estrat\u00e9gicos. Sin excesos. Lo que nos hace rememorar aquel vestido que <a href=\"https:\/\/www.glamour.es\/articulos\/sofia-palazuelo-sandalias-plateadas-bautizo-carlos-fitz-james-corsini\" rel=\"nofollow noopener\" target=\"_blank\">llev\u00f3 en el bautizo de Carlos-Fitz James Corsini<\/a> (hijo de Bel\u00e9n Corsini), en un tono de verde muy similar. Y, aunque aquel fue en primavera y este \u00faltimo en oto\u00f1o, ambos resumen a la perfecci\u00f3n lo que significa vestir con inteligencia en su estaci\u00f3n correspondiente. Adem\u00e1s, no ha podido elegir este modelo en un mejor momento, ya que las capas se encuentran <strong>en plena tendencia<\/strong>, especialmente en <a href=\"https:\/\/www.glamour.es\/articulos\/gabardina-capa-tendencia\" rel=\"nofollow noopener\" target=\"_blank\">abrigos y gabardinas.<\/a><\/p>\n<p><img decoding=\"async\" alt=\"Sof\u00eda Palazuelo y Fernando Fitz James Staurt\" loading=\"lazy\" class=\"ResponsiveImageContainer-eNxvmU cfBbTk responsive-image__image\"   src=\"https:\/\/www.europesays.com\/es\/wp-content\/uploads\/2025\/10\/U592463_054.jpg\"\/><\/p>\n<p>Gtres\/JON ARRILLAGA<\/p>\n<p>Los <strong>t\u00edmidos volantes<\/strong> que recorren los extremos de toda la capa, al igual que los copan el bajo asim\u00e9trico de la falda, le dan al conjunto m\u00e1s movimiento que si de un corte recto se tratara, aport\u00e1ndole as\u00ed el toque de gracia justo y necesario para este tipo de eventos. El dise\u00f1o pertenece a la firma madrile\u00f1a <strong>Garaizabal<\/strong>.<\/p>\n<p>El look se completa con unas <strong>delicadas sandalias de tiras negras<\/strong>, un clutch de mano tambi\u00e9n en color negro y unos pendientes con el brillo suficiente para dar luz al rostro. Una f\u00f3rmula que huye del previsible estilo aristocr\u00e1tico y se inclina por el eterno y sofisticado minimalismo en todo su esplendor. M\u00e1s all\u00e1 de los accesorios y los zapatos, lo que remata el estilismo es el aura de elegancia natural con el que la que ser\u00e1 la futura Duquesa de Alba hace que siempre funcionen todos sus looks.<\/p>\n<p><a href=\"https:\/\/www.glamour.es\/newsletter?utm_source=referral&amp;utm_medium=glamour.es&amp;utm_campaign=articulos\" rel=\"nofollow noopener\" target=\"_blank\">SUSCR\u00edBETE AQU\u00cd<\/a> a nuestra newsletter para recibir todas las novedades de Glamour.es<\/p>\n<p><strong>Esto te interesa<\/strong><\/p>\n<p><a href=\"https:\/\/www.glamour.es\/articulos\/vestido-lunares-zara-sofia-palazuelo\" rel=\"nofollow noopener\" target=\"_blank\"><strong>Lo m\u00e1s cerca que estar\u00e1s del armario de Sof\u00eda Palazuelo pasa por este vestido de Zara<\/strong><\/a><\/p>\n<p><a href=\"https:\/\/www.glamour.es\/articulos\/sofia-palazuelo-teatro-real-falda-hippy-sandalias-doradas\" rel=\"nofollow noopener\" target=\"_blank\"><strong>La falda de Sof\u00eda Palazuelo es menos hippy y m\u00e1s pija gracias a sus sandalias doradas<\/strong><\/a><\/p>\n","protected":false},"excerpt":{"rendered":"Sof\u00eda Palazuelo parece tener un don. Es de las que nunca falla con sus looks, desde los m\u00e1s&hellip;\n","protected":false},"author":2,"featured_media":156633,"comment_status":"","ping_status":"","sticky":false,"template":"","format":"standard","meta":{"footnotes":""},"categories":[91],"tags":[146,147,25,24,18759,23],"class_list":{"0":"post-156632","1":"post","2":"type-post","3":"status-publish","4":"format-standard","5":"has-post-thumbnail","7":"category-entretenimiento","8":"tag-entertainment","9":"tag-entretenimiento","10":"tag-es","11":"tag-espana","12":"tag-sofia-palazuelo","13":"tag-spain"},"share_on_mastodon":{"url":"","error":""},"_links":{"self":[{"href":"https:\/\/www.europesays.com\/es\/wp-json\/wp\/v2\/posts\/156632","targetHints":{"allow":["GET"]}}],"collection":[{"href":"https:\/\/www.europesays.com\/es\/wp-json\/wp\/v2\/posts"}],"about":[{"href":"https:\/\/www.europesays.com\/es\/wp-json\/wp\/v2\/types\/post"}],"author":[{"embeddable":true,"href":"https:\/\/www.europesays.com\/es\/wp-json\/wp\/v2\/users\/2"}],"replies":[{"embeddable":true,"href":"https:\/\/www.europesays.com\/es\/wp-json\/wp\/v2\/comments?post=156632"}],"version-history":[{"count":0,"href":"https:\/\/www.europesays.com\/es\/wp-json\/wp\/v2\/posts\/156632\/revisions"}],"wp:featuredmedia":[{"embeddable":true,"href":"https:\/\/www.europesays.com\/es\/wp-json\/wp\/v2\/media\/156633"}],"wp:attachment":[{"href":"https:\/\/www.europesays.com\/es\/wp-json\/wp\/v2\/media?parent=156632"}],"wp:term":[{"taxonomy":"category","embeddable":true,"href":"https:\/\/www.europesays.com\/es\/wp-json\/wp\/v2\/categories?post=156632"},{"taxonomy":"post_tag","embeddable":true,"href":"https:\/\/www.europesays.com\/es\/wp-json\/wp\/v2\/tags?post=156632"}],"curies":[{"name":"wp","href":"https:\/\/api.w.org\/{rel}","templated":true}]}}