{"id":156637,"date":"2025-10-04T14:59:07","date_gmt":"2025-10-04T14:59:07","guid":{"rendered":"https:\/\/www.europesays.com\/es\/156637\/"},"modified":"2025-10-04T14:59:07","modified_gmt":"2025-10-04T14:59:07","slug":"principales-reacciones-a-la-respuesta-positiva-de-hamas-al-plan-de-trump-para-gaza","status":"publish","type":"post","link":"https:\/\/www.europesays.com\/es\/156637\/","title":{"rendered":"Principales reacciones a la respuesta positiva de Ham\u00e1s al plan de Trump para Gaza"},"content":{"rendered":"<p>    <img src=\"https:\/\/www.europesays.com\/es\/wp-content\/uploads\/2025\/10\/2025-10-04T133A243A18Z-90114629.jpg\" width=\"1024\" height=\"576\" alt=\"\" loading=\"eager\" decoding=\"sync\" fetchpriority=\"high\"\/><\/p>\n<p>            afp_tickers        <\/p>\n<p>        Este contenido fue publicado en    <\/p>\n<p>        04 octubre 2025 &#8211; 15:24\n<\/p>\n<p>Varios pa\u00edses del mundo aplaudieron el viernes la respuesta positiva de Ham\u00e1s al plan del presidente estadounidense, Donald Trump, para liberar a los rehenes israel\u00edes en Gaza y poner fin al conflicto de casi dos a\u00f1os.<\/p>\n<p>Estas son las principales reacciones:<\/p>\n<p>\u2013 Estados Unidos \u2013<\/p>\n<p>\u00abBas\u00e1ndome en la declaraci\u00f3n que acaba de emitir Ham\u00e1s, creo que est\u00e1n listos para una paz duradera. \u00a1Israel debe detener de inmediato el bombardeo de Gaza para que podamos liberar a los rehenes de forma segura y r\u00e1pida!\u00bb, public\u00f3 Trump en su red Truth Social.<\/p>\n<p>El magnate republicano tambi\u00e9n dijo en un breve mensaje de video que \u00abtodos ser\u00e1n tratados de manera justa\u00bb en las conversaciones sobre el futuro de Gaza.<\/p>\n<p>\u2013 Israel \u2013<\/p>\n<p>\u00abA la luz de la respuesta de Ham\u00e1s, Israel se est\u00e1 preparando para la implementaci\u00f3n inmediata de la primera fase del plan de Trump para la liberaci\u00f3n de todos los rehenes\u00bb, afirm\u00f3 la oficina del primer ministro Benjamin Netanyahu.<\/p>\n<p>\u00abSeguiremos trabajando en plena cooperaci\u00f3n con el presidente y su equipo para poner fin a la guerra de acuerdo con los principios establecidos por Israel, que coinciden con la visi\u00f3n del presidente Trump\u00bb, a\u00f1adi\u00f3 el texto.<\/p>\n<p>\u2013 Pa\u00edses mediadores \u2013<\/p>\n<p>Catar \u00abcelebra el anuncio de Ham\u00e1s de su acuerdo con el plan del presidente Trump\u00bb, dijo el vocero del Ministerio de Relaciones Exteriores, Majed al Ansari, quien tambi\u00e9n expres\u00f3 apoyo al llamamiento del presidente estadounidense para un alto el fuego inmediato.<\/p>\n<p>Egipto dijo que espera que \u00abeste paso positivo impulse a todas las partes a asumir su responsabilidad, comprometi\u00e9ndose a implementar el plan del presidente Trump sobre el terreno y poner fin a la guerra\u00bb.<\/p>\n<p>\u2013 Naciones Unidas \u2013<\/p>\n<p>El secretario general de la ONU, Ant\u00f3nio Guterres, \u00abacoge con satisfacci\u00f3n y se siente alentado por la declaraci\u00f3n de Ham\u00e1s en la que anuncia su disposici\u00f3n a liberar a los rehenes y a entablar conversaciones\u00bb, dijo su portavoz, Stephane Dujarric, en un comunicado.<\/p>\n<p>\u00abInsta a todas las partes a aprovechar esta oportunidad para poner fin a este tr\u00e1gico conflicto en Gaza\u00bb, agreg\u00f3.<\/p>\n<p>\u2013 Europa \u2013<\/p>\n<p>El presidente franc\u00e9s, Emmanuel Macron, quien en septiembre lider\u00f3 en la ONU una iniciativa diplom\u00e1tica a favor del reconocimiento del Estado de Palestina, escribi\u00f3 en X: \u00ab\u00a1La liberaci\u00f3n de todos los rehenes retenidos y el alto el fuego en Gaza est\u00e1n al alcance de la mano! El compromiso de Ham\u00e1s debe cumplirse sin m\u00e1s demora\u00bb.<\/p>\n<p>El canciller alem\u00e1n, Friedrich Merz, afirm\u00f3 que el plan representa \u00abla mejor oportunidad para la paz\u00bb en el conflicto y que Berl\u00edn \u00abapoya plenamente\u00bb el \u00abllamamiento de Trump a ambas partes\u00bb.<\/p>\n<p>El primer ministro brit\u00e1nico, Keir Starmer, calific\u00f3 la respuesta de Ham\u00e1s como \u00abun importante paso adelante\u00bb e inst\u00f3 a todas las partes a \u00abaplicar el acuerdo sin demora\u00bb.<\/p>\n<p>\u2013 Turqu\u00eda \u2013<\/p>\n<p>El Ministerio de Relaciones Exteriores turco afirm\u00f3 que la decisi\u00f3n de Ham\u00e1s \u00abbrinda una oportunidad para el establecimiento inmediato de un alto el fuego en Gaza\u00bb.<\/p>\n<p>bur\/tmt\/phs\/arm\/ad<\/p>\n","protected":false},"excerpt":{"rendered":"afp_tickers Este contenido fue publicado en 04 octubre 2025 &#8211; 15:24 Varios pa\u00edses del mundo aplaudieron el viernes&hellip;\n","protected":false},"author":2,"featured_media":156638,"comment_status":"","ping_status":"","sticky":false,"template":"","format":"standard","meta":{"footnotes":""},"categories":[42],"tags":[635,17,18,636,83,13,14,11,61,62,63,86,64,19,20,9,10,15,16,88,90,12,21,22,65,66,67],"class_list":{"0":"post-156637","1":"post","2":"type-post","3":"status-publish","4":"format-standard","5":"has-post-thumbnail","7":"category-internacional","8":"tag-armed-conflict","9":"tag-breaking-news","10":"tag-breakingnews","11":"tag-conflict","12":"tag-diplomacy","13":"tag-featured-news","14":"tag-featurednews","15":"tag-headlines","16":"tag-internacional","17":"tag-international","18":"tag-international-news","19":"tag-international-relations","20":"tag-internationalnews","21":"tag-latest-news","22":"tag-latestnews","23":"tag-news","24":"tag-noticias","25":"tag-noticias-destacadas","26":"tag-noticiasdestacadas","27":"tag-politics","28":"tag-ticker","29":"tag-titulares","30":"tag-ultimas-noticias","31":"tag-ultimasnoticias","32":"tag-world","33":"tag-world-news","34":"tag-worldnews"},"share_on_mastodon":{"url":"","error":""},"_links":{"self":[{"href":"https:\/\/www.europesays.com\/es\/wp-json\/wp\/v2\/posts\/156637","targetHints":{"allow":["GET"]}}],"collection":[{"href":"https:\/\/www.europesays.com\/es\/wp-json\/wp\/v2\/posts"}],"about":[{"href":"https:\/\/www.europesays.com\/es\/wp-json\/wp\/v2\/types\/post"}],"author":[{"embeddable":true,"href":"https:\/\/www.europesays.com\/es\/wp-json\/wp\/v2\/users\/2"}],"replies":[{"embeddable":true,"href":"https:\/\/www.europesays.com\/es\/wp-json\/wp\/v2\/comments?post=156637"}],"version-history":[{"count":0,"href":"https:\/\/www.europesays.com\/es\/wp-json\/wp\/v2\/posts\/156637\/revisions"}],"wp:featuredmedia":[{"embeddable":true,"href":"https:\/\/www.europesays.com\/es\/wp-json\/wp\/v2\/media\/156638"}],"wp:attachment":[{"href":"https:\/\/www.europesays.com\/es\/wp-json\/wp\/v2\/media?parent=156637"}],"wp:term":[{"taxonomy":"category","embeddable":true,"href":"https:\/\/www.europesays.com\/es\/wp-json\/wp\/v2\/categories?post=156637"},{"taxonomy":"post_tag","embeddable":true,"href":"https:\/\/www.europesays.com\/es\/wp-json\/wp\/v2\/tags?post=156637"}],"curies":[{"name":"wp","href":"https:\/\/api.w.org\/{rel}","templated":true}]}}