{"id":156639,"date":"2025-10-04T15:00:13","date_gmt":"2025-10-04T15:00:13","guid":{"rendered":"https:\/\/www.europesays.com\/es\/156639\/"},"modified":"2025-10-04T15:00:13","modified_gmt":"2025-10-04T15:00:13","slug":"emocion-esperanza-y-tradicion-en-el-pregon-de-la-fiesta-de-la-vendimia-2025-en-daimiel","status":"publish","type":"post","link":"https:\/\/www.europesays.com\/es\/156639\/","title":{"rendered":"Emoci\u00f3n, esperanza y tradici\u00f3n en el preg\u00f3n de la Fiesta de la Vendimia 2025 en Daimiel"},"content":{"rendered":"<p dir=\"ltr\"><b id=\"docs-internal-guid-b8a26218-7fff-8cf8-7897-47e25f6d8203\">El escenario del Teatro Ayala acogi\u00f3 anoche el acto central de la Fiesta de la Vendimia de Daimiel, un evento cargado de buenos momentos en el que la mantenedora de la fiesta, Mar\u00eda de las Cruces Garc\u00eda Mu\u00f1oz, ofreci\u00f3 un emotivo preg\u00f3n en el que combin\u00f3 tradici\u00f3n, futuro y esperanza. Adem\u00e1s, Teo Mart\u00ednez recibi\u00f3 el t\u00edtulo de pisador de honor y el matrimonio formado por Manuel G\u00f3mez Caraballo, \u2018El Mellao\u2019, y Encarnaci\u00f3n D\u00edaz del Campo fueron proclamados oficialmente los vendimiadores de honor.<\/b><\/p>\n<p dir=\"ltr\"><b id=\"docs-internal-guid-b8a26218-7fff-8cf8-7897-47e25f6d8203\">Daimiel Noticias. \u2013 <\/b>Recuerdos, risas y aplausos marcaron la gala organizada por la Federaci\u00f3n de Asociaciones Culturales Ciudad de Daimiel (FEDADA) en el segundo fin de semana de la Fiesta de la Vendimia. Fue este viernes en el Teatro Ayala, donde la mantenedora de la fiesta, Mar\u00eda de las Cruces Garc\u00eda Mu\u00f1oz, ofreci\u00f3 un preg\u00f3n repleto de momentos de anta\u00f1o, cuando el agricultor faenaba y se enfrentaba a la jornada con herramientas muy distintas a las actuales.<\/p>\n<p>\u201c\u00a1C\u00f3mo han cambiado las cosas!\u201d se\u00f1alaba anoche la mantenedora asegurando que \u201choy sembramos formularios, y en vez de barro en las u\u00f1as, tenemos contrase\u00f1as y plataformas bajo los dedos\u201d. En este sentido, destacaba el deseo de los agricultores de estar trabajando su tierra en vez de tener que afrontar tanto tr\u00e1mite, aunque tambi\u00e9n dej\u00f3 un hueco para la esperanza al asegurar que, a\u00fan hoy, \u201cel campo est\u00e1 vivo\u201d.<\/p>\n<p>  <img loading=\"lazy\" decoding=\"async\" src=\"https:\/\/www.europesays.com\/es\/wp-content\/uploads\/2025\/10\/100_2232.jpg\" width=\"4608\" height=\"3072\" alt=\"Mar\u00eda de las Cruces Garc\u00eda Mu\u00f1oz.\" typeof=\"foaf:Image\" class=\"img-fluid\"\/><br \/>\nMar\u00eda de las Cruces Garc\u00eda Mu\u00f1oz.<\/p>\n<p>El preg\u00f3n de Garc\u00eda Mu\u00f1oz, sembrado de referencias al Quijote, estuvo adem\u00e1s repleto de recuerdos de infancia y juventud que fueron reconocidos por los presentes con sonoros aplausos, especialmente cuando dedic\u00f3 unas bonitas palabras a la Fiesta de la Vendimia: \u201cSe nota, se siente en el aire, en la tierra; es una fiesta viva donde la gente sale a la calle, participa recibiendo a los visitantes con los brazos abiertos, mostrando nuestra cultura vin\u00edcola y nuestras tradiciones\u201d.<\/p>\n<p>Para Garc\u00eda Mu\u00f1oz, la Fiesta de la Vendimia pone en valor el esfuerzo \u201cde todos los que cultivan la tierra\u201d y \u201csaca el esp\u00edritu de un pueblo que se siente orgulloso de sus or\u00edgenes\u201d, de ah\u00ed que animara a todos los daimiele\u00f1os y daimiele\u00f1as a participar y a disfrutar de todas sus celebraciones.<\/p>\n<p>  <img loading=\"lazy\" decoding=\"async\" src=\"https:\/\/www.europesays.com\/es\/wp-content\/uploads\/2025\/10\/100_2256.jpg\" width=\"4608\" height=\"3072\" alt=\"Un momento del preg\u00f3n.\" typeof=\"foaf:Image\" class=\"img-fluid\"\/><br \/>\nUn momento del preg\u00f3n.<\/p>\n<p>Durante el acto, que este a\u00f1o estuvo presentado por Ra\u00fal Astillero, FEDADA hizo entrega de los reconocimientos honor\u00edficos al matrimonio formado por Manuel G\u00f3mez Caraballo C\u00f3rdoba, apodado \u2018El Mellao\u2019, y Encarnaci\u00f3n D\u00edaz del Campo Villegas, ambos participantes entusiastas de las fiestas de la vendimia y de las celebraciones m\u00e1s populares daimiele\u00f1as. Los dos quisieron trasladar su agradecimiento a la organizaci\u00f3n y conversaron con el presentador acerca de su historia y sus vivencias en Daimiel. Y tambi\u00e9n Teo Mart\u00ednez, profesional natural de Ciudad Real con m\u00e1s de 40 a\u00f1os de experiencia en medios de comunicaci\u00f3n, subi\u00f3 al escenario del Ayala para recibir el galard\u00f3n y ponerse el tradicional blus\u00f3n.\u201cEs todo un honor para m\u00ed\u201d, dijo mientras bromeaba acerca del esfuerzo que supone ir a vendimiar \u201ca las 5 de la ma\u00f1ana\u201d.<\/p>\n<p>  <img loading=\"lazy\" decoding=\"async\" src=\"https:\/\/www.europesays.com\/es\/wp-content\/uploads\/2025\/10\/100_2335.jpg\" width=\"4608\" height=\"3072\" alt=\"Teo Mart\u00ednez es el pisador este a\u00f1o.\" typeof=\"foaf:Image\" class=\"img-fluid\"\/><br \/>\nTeo Mart\u00ednez es el pisador este a\u00f1o.<\/p>\n<p>Luis Miguel Astillero, presidente de FEDADA, intervino tambi\u00e9n para destacar la relevancia que, con el paso de los a\u00f1os, ha ganado la Fiesta de la Vendimia, una celebraci\u00f3n que, dijo, \u201cnos une y nos representa como comunidad\u201d. Seg\u00fan traslad\u00f3, se trata de \u201cun s\u00edmbolo de nuestra historia, de nuestro presente y de nuestro futuro\u201d, y anim\u00f3 a todos a participar en una fiesta que, dijo, \u201cpretende ser un lazo de uni\u00f3n\u201d que deja patente que \u201ctradici\u00f3n y futuro no est\u00e1n en conflicto, sino que se complementan y se fortalecen mutuamente\u201d.<\/p>\n<p>Fue el alcalde de Daimiel, Leopoldo Sierra, el encargado de cerrar el turno de intervenciones. El primer edil aprovech\u00f3 para agradecer a FEDADA \u201cel esfuerzo y la ilusi\u00f3n\u201d que pone cada a\u00f1o realiza en mantener viva una tradici\u00f3n que, dijo, \u201ces un homenaje a nuestra tierra, nuestras ra\u00edces y a quienes con su trabajo en el campo han hecho posible que el vino sea parte de nuestra identidad y de nuestra cultura\u201d.<\/p>\n<p>  <img loading=\"lazy\" decoding=\"async\" src=\"https:\/\/www.europesays.com\/es\/wp-content\/uploads\/2025\/10\/100_2353.jpg\" width=\"4608\" height=\"3072\" alt=\"El alcalde cerr\u00f3 el turno de intevenciones.\" typeof=\"foaf:Image\" class=\"img-fluid\"\/><br \/>\nEl alcalde cerr\u00f3 el turno de intevenciones.<\/p>\n<p>Para el alcalde, \u201ccon esta celebraci\u00f3n reconocemos el fruto del esfuerzo colectivo, la uni\u00f3n de las familias y el orgullo de pertenecer a una comunidad que no olvida de d\u00f3nde viene\u201d, al tiempo que compar\u00f3 la paciencia y la dedicaci\u00f3n que necesita la vi\u00f1a con el compromiso y la colaboraci\u00f3n que, afirm\u00f3, \u201crequiere nuestra ciudad por parte de todos\u201d.<\/p>\n<p>En este sentido, resalt\u00f3 el papel que juega la Fiesta de la Vendimia que insisti\u00f3, \u201cno es \u00fanicamente un evento festivo, es, adem\u00e1s, una oportunidad de proyecci\u00f3n para nuestro municipio\u201d.<\/p>\n<p>Tras este acto en el Teatro Ayala, los asistentes se sumaron a la chorizada popular que organiza FEDADA en el Parterre, donde tambi\u00e9n pudieron disfrutar de la m\u00fasica en directo de Lola P\u00e9rez.<\/p>\n<p>  <img loading=\"lazy\" decoding=\"async\" src=\"https:\/\/www.europesays.com\/es\/wp-content\/uploads\/2025\/10\/100_2377.jpg\" width=\"4608\" height=\"3072\" alt=\"Chorizada popular en el Parterre.\" typeof=\"foaf:Image\" class=\"img-fluid\"\/><br \/>\nChorizada popular en el Parterre.<\/p>\n","protected":false},"excerpt":{"rendered":"El escenario del Teatro Ayala acogi\u00f3 anoche el acto central de la Fiesta de la Vendimia de Daimiel,&hellip;\n","protected":false},"author":2,"featured_media":156640,"comment_status":"","ping_status":"","sticky":false,"template":"","format":"standard","meta":{"footnotes":""},"categories":[8],"tags":[17,18,3010,25,24,13,14,46705,11,19,20,9,10,15,16,16651,23,46843,12,21,22],"class_list":{"0":"post-156639","1":"post","2":"type-post","3":"status-publish","4":"format-standard","5":"has-post-thumbnail","7":"category-espana","8":"tag-breaking-news","9":"tag-breakingnews","10":"tag-daimiel","11":"tag-es","12":"tag-espana","13":"tag-featured-news","14":"tag-featurednews","15":"tag-fiesta-de-la-vendimia","16":"tag-headlines","17":"tag-latest-news","18":"tag-latestnews","19":"tag-news","20":"tag-noticias","21":"tag-noticias-destacadas","22":"tag-noticiasdestacadas","23":"tag-pregon","24":"tag-spain","25":"tag-teatro-ayala","26":"tag-titulares","27":"tag-ultimas-noticias","28":"tag-ultimasnoticias"},"share_on_mastodon":{"url":"","error":""},"_links":{"self":[{"href":"https:\/\/www.europesays.com\/es\/wp-json\/wp\/v2\/posts\/156639","targetHints":{"allow":["GET"]}}],"collection":[{"href":"https:\/\/www.europesays.com\/es\/wp-json\/wp\/v2\/posts"}],"about":[{"href":"https:\/\/www.europesays.com\/es\/wp-json\/wp\/v2\/types\/post"}],"author":[{"embeddable":true,"href":"https:\/\/www.europesays.com\/es\/wp-json\/wp\/v2\/users\/2"}],"replies":[{"embeddable":true,"href":"https:\/\/www.europesays.com\/es\/wp-json\/wp\/v2\/comments?post=156639"}],"version-history":[{"count":0,"href":"https:\/\/www.europesays.com\/es\/wp-json\/wp\/v2\/posts\/156639\/revisions"}],"wp:featuredmedia":[{"embeddable":true,"href":"https:\/\/www.europesays.com\/es\/wp-json\/wp\/v2\/media\/156640"}],"wp:attachment":[{"href":"https:\/\/www.europesays.com\/es\/wp-json\/wp\/v2\/media?parent=156639"}],"wp:term":[{"taxonomy":"category","embeddable":true,"href":"https:\/\/www.europesays.com\/es\/wp-json\/wp\/v2\/categories?post=156639"},{"taxonomy":"post_tag","embeddable":true,"href":"https:\/\/www.europesays.com\/es\/wp-json\/wp\/v2\/tags?post=156639"}],"curies":[{"name":"wp","href":"https:\/\/api.w.org\/{rel}","templated":true}]}}