{"id":156645,"date":"2025-10-04T15:03:08","date_gmt":"2025-10-04T15:03:08","guid":{"rendered":"https:\/\/www.europesays.com\/es\/156645\/"},"modified":"2025-10-04T15:03:08","modified_gmt":"2025-10-04T15:03:08","slug":"esteban-gordillo-abrochara-su-temporada-en-portillo","status":"publish","type":"post","link":"https:\/\/www.europesays.com\/es\/156645\/","title":{"rendered":"Esteban Gordillo abrochar\u00e1 su temporada en Portillo"},"content":{"rendered":"<p>El novillero sin picadores Esteban Gordillo afronta este domingo el \u00faltimo festejo de su temporada, y qui\u00e9n sabe si el \u00faltimo o uno de los \u00faltimos en el presente escalaf\u00f3n.<\/p>\n<p>El toledano volver\u00e1 a Portillo tras su triunfo el pasado 25 de septiembre, donde sali\u00f3 por la puerta grande, y lo har\u00e1 por la v\u00eda de la sustituci\u00f3n, ante la ausencia de Jaime Padilla.<\/p>\n<p>Gordillo, en declaraciones a La Tribuna, describe la 2025 como\u00a0\u00abbastante bonita en cuanto a lo personal y sobre todo en cuanto al crecimiento\u00bb. Una temporada que empez\u00f3 en La Puebla de Montalb\u00e1n y que ha tenido \u00a0tardes importantes como Villaseca de la Sagra, donde sali\u00f3 en hombros en su primera comparecencia clasific\u00e1ndose para la final donde a pesar de no alzarse como triunfador,\u00a0\u00abfue una tarde importante en la que me entregue y en la que tuvo una buena repercusi\u00f3n\u00bb, afirma el espada.<\/p>\n<p>El Certamen Domingo Ortega, Promesas de Nuestra Tierra o el Certamen del Sureste, en la cita de Persles de Taju\u00f1a, son algunos de los concursos en los que Gordillo ha participado, siendo precisamente en este \u00faltimo, donde recibi\u00f3 su bautismo de sangre, algo que lejos de amilanar su voluntad, \u00abme ha ayudado a aprender mucho, a darle muchas vueltas. M\u00e1s vueltas de tuerca, no s\u00f3lo al toreo, sino a la madurez que se requiere\u00bb.<\/p>\n<p>Una temporada cargada de triunfos donde adem\u00e1s ha partido plaza en \u00absitios tambi\u00e9n muy bonitos como Algemes\u00ed como Pedro Bernardo, dos plazas con con mucho encanto\u00bb.<\/p>\n<p>El balance que hace de la temporada 2025 es positivo, algo que le ha servido \u00abpara coger ese rodaje, para familiarizarme m\u00e1s con el novillo m\u00e1s \u00a0fuerte, y la verdad que doy gracias a Dios porque ha sido ha sido muy beneficioso todo\u00bb.<\/p>\n<p>Respecto a la cita de este domingo, Gordillo se muestra \u00abinmensamente feliz\u00bb, por volver a un pueblo que \u00abno solo donde pude triunfar, sino que me espera otra en la que la que lo pueda hacer y sobre todo estar feliz\u00bb.<\/p>\n<p>Una felicidad derivada de \u00absaber que estoy preparado para matar ese tipo de novilladas, es decir que estoy preparado para para para escalaf\u00f3n siguiente\u00bb, algo que, sin duda, ser\u00e1 m\u00e1s pronto que tarde.<\/p>\n","protected":false},"excerpt":{"rendered":"El novillero sin picadores Esteban Gordillo afronta este domingo el \u00faltimo festejo de su temporada, y qui\u00e9n sabe&hellip;\n","protected":false},"author":2,"featured_media":156646,"comment_status":"","ping_status":"","sticky":false,"template":"","format":"standard","meta":{"footnotes":""},"categories":[277],"tags":[373,168,25,24,37920,23,167,625,374],"class_list":{"0":"post-156645","1":"post","2":"type-post","3":"status-publish","4":"format-standard","5":"has-post-thumbnail","7":"category-toreo","8":"tag-bullfighting","9":"tag-deportes","10":"tag-es","11":"tag-espana","12":"tag-portillo","13":"tag-spain","14":"tag-sports","15":"tag-tauromaquia","16":"tag-toreo"},"share_on_mastodon":{"url":"","error":""},"_links":{"self":[{"href":"https:\/\/www.europesays.com\/es\/wp-json\/wp\/v2\/posts\/156645","targetHints":{"allow":["GET"]}}],"collection":[{"href":"https:\/\/www.europesays.com\/es\/wp-json\/wp\/v2\/posts"}],"about":[{"href":"https:\/\/www.europesays.com\/es\/wp-json\/wp\/v2\/types\/post"}],"author":[{"embeddable":true,"href":"https:\/\/www.europesays.com\/es\/wp-json\/wp\/v2\/users\/2"}],"replies":[{"embeddable":true,"href":"https:\/\/www.europesays.com\/es\/wp-json\/wp\/v2\/comments?post=156645"}],"version-history":[{"count":0,"href":"https:\/\/www.europesays.com\/es\/wp-json\/wp\/v2\/posts\/156645\/revisions"}],"wp:featuredmedia":[{"embeddable":true,"href":"https:\/\/www.europesays.com\/es\/wp-json\/wp\/v2\/media\/156646"}],"wp:attachment":[{"href":"https:\/\/www.europesays.com\/es\/wp-json\/wp\/v2\/media?parent=156645"}],"wp:term":[{"taxonomy":"category","embeddable":true,"href":"https:\/\/www.europesays.com\/es\/wp-json\/wp\/v2\/categories?post=156645"},{"taxonomy":"post_tag","embeddable":true,"href":"https:\/\/www.europesays.com\/es\/wp-json\/wp\/v2\/tags?post=156645"}],"curies":[{"name":"wp","href":"https:\/\/api.w.org\/{rel}","templated":true}]}}