{"id":156653,"date":"2025-10-04T15:10:16","date_gmt":"2025-10-04T15:10:16","guid":{"rendered":"https:\/\/www.europesays.com\/es\/156653\/"},"modified":"2025-10-04T15:10:16","modified_gmt":"2025-10-04T15:10:16","slug":"gotze-un-heroe-mundial-truncado-por-el-gol-de-su-vida","status":"publish","type":"post","link":"https:\/\/www.europesays.com\/es\/156653\/","title":{"rendered":"G\u00f6tze, un h\u00e9roe mundial truncado por el gol de su vida"},"content":{"rendered":"<p style=\"\">Son pocos los futbolistas que pueden presumir de haberse proclamado campeones del mundo, pero ese selecto grupo se convierte en min\u00fasculo al hablar de jugadores que anotaron el gol decisivo en la final de un Mundial. El uruguayo Ghiggia en el Maracanazo, el ingl\u00e9s Hurst  &#8230; en el \u00fanico t\u00edtulo de los &#8216;Three Lions&#8217;, el argentino Burruchaga asistido por Maradona en el Estadio Azteca, la sangre fr\u00eda del teut\u00f3n Brehme desde los once metros o \u00abIniesta de mi vida\u00bb en Sud\u00e1frica. Una de sus \u00faltimas incorporaciones fue <strong>Mario G\u00f6tze<\/strong>, un h\u00e9roe a quien le pas\u00f3 factura tocar el cielo con toda su carrera por delante y que este martes visita el Metropolitano en las filas del Eintracht de Frankfurt.<\/p>\n<p class=\"voc-p\" style=\"\">Corr\u00eda el a\u00f1o 2013 y un joven mediapunta de 21 a\u00f1os del Borussia Dortmund deslumbraba a toda Europa. D\u00edas despu\u00e9s de caer derrotado en la final de la Champions, G\u00f6tze firm\u00f3 con el equipo que la dej\u00f3 sin saborear la gloria continental, el Bayern. Una decisi\u00f3n que, a\u00f1os despu\u00e9s, ha confesado err\u00f3nea y que marc\u00f3 el primer paso del estancamiento de una carrera que promet\u00eda ser sensacional.<\/p>\n<p class=\"voc-p\" style=\"\">A pesar de atravesar dificultades en su primera temporada en Baviera, fue convocado por la selecci\u00f3n germana para acudir al Mundial de Brasil en 2014. Su rol pas\u00f3 de titular a secundario y su participaci\u00f3n se aminor\u00f3 con el paso de los d\u00edas, qued\u00e1ndose sin minutos en el hist\u00f3rico 1-7 ante el combinado local en semifinales. En la gran final ante Argentina fue de nuevo suplente, pero a falta de dos minutos para llegar a la pr\u00f3rroga, el seleccionador L\u00f6w apost\u00f3 por G\u00f6tze. En el ya <strong>memorable minuto 113<\/strong>, conect\u00f3 una volea imparable que entr\u00f3 de lleno en la historia del f\u00fatbol y proclam\u00f3 a Alemania campeona del mundo por cuarta vez.<\/p>\n<p class=\"voc-p\" style=\"\">Lo que parec\u00eda el despegue definitivo de un talento descomunal termin\u00f3 siendo todo lo contrario. La presi\u00f3n por las expectativas despu\u00e9s del gol de su vida y los problemas f\u00edsicos truncaron la carrera del teut\u00f3n. Tras dos temporadas m\u00e1s en el Bayern y un decepcionante regreso a Dortmund, en el que estuvo cuatro a\u00f1os, la trayectoria de G\u00f6tze lleg\u00f3 a un <strong>punto muerto<\/strong>.<\/p>\n<p class=\"voc-p\" style=\"\">\u00abMe llev\u00f3 alg\u00fan tiempo procesar lo que sucedi\u00f3\u00bb, asegur\u00f3 con el tiempo sobre su gol ante Argentina. \u00abSi no jugaba dos partidos de titular, para m\u00ed era el fin del mundo. Despu\u00e9s de quedarme en el banquillo, conduc\u00eda a mi casa y me pon\u00eda a correr durante dos horas\u00bb, una situaci\u00f3n que la sobrepas\u00f3 y que le llev\u00f3 a desear que hubiera ocurrido en otra etapa de su vida. \u00ab<strong>Si pudiera reescribir la historia un poco, marcar\u00eda el gol cuando tuviera 35 a\u00f1os<\/strong>, y luego dejar\u00eda de jugar\u00bb.<\/p>\n<p class=\"voc-p\" style=\"\">A todo ello se le sum\u00f3 un problema metab\u00f3lico que degeneraba en f\u00e1tiga cr\u00f3nica, lo que limit\u00f3 al m\u00ednimo su presencia en el terreno de juego. \u00abFue una se\u00f1al de que le hab\u00eda exigido demasiado a mi cuerpo. No dej\u00e9 que respirara, le exig\u00eda como si fuera un robot y no pod\u00eda funcionar\u00bb, confes\u00f3.<\/p>\n<p class=\"voc-p\" style=\"\">Por si fuera poco, durante el estallido de la pandemia del covid, <strong>su hijo naci\u00f3 antes de lo esperado<\/strong> y necesit\u00f3 de cuidados intensivos durante tres semanas. Una situaci\u00f3n de urgencia que le llev\u00f3 a temer lo peor y por la que decidi\u00f3 dejar de entrenar con el Dortmund, ya que era inviable por motivos de salud dejar el hospital para ejercitarse. Lo que le dej\u00f3 sin club durante meses y alumbr\u00f3 un nuevo Mario G\u00f6tze. \u00abDespu\u00e9s tuve una perspectiva completamente nueva: nada es m\u00e1s importante que que mi familia est\u00e9 sana\u00bb.<\/p>\n<p class=\"voc-p\" style=\"\">Tras ello, se reencontr\u00f3 con el f\u00fatbol en la Eredivisie de la mano del PSV, donde disput\u00f3 dos buenas temporadas, antes de su regreso a Alemania para fichar por el Eintracht. No ha sido la carrera que se esperaba cuando el Signal Iduna Park se frotaba las manos con uno de los talentos m\u00e1s prometedores de Europa, pero G\u00f6tze ha sido capaz de superar serias adversidades para seguir disfrutando del olor a c\u00e9sped, el contacto con la pelota y de partidos de \u00e9lite como el de esta noche en el Metropolitano.<\/p>\n","protected":false},"excerpt":{"rendered":"Son pocos los futbolistas que pueden presumir de haberse proclamado campeones del mundo, pero ese selecto grupo se&hellip;\n","protected":false},"author":2,"featured_media":156654,"comment_status":"","ping_status":"","sticky":false,"template":"","format":"standard","meta":{"footnotes":""},"categories":[268],"tags":[168,25,24,280,282,3689,46849,17885,1070,281,23,167,46850,2606],"class_list":{"0":"post-156653","1":"post","2":"type-post","3":"status-publish","4":"format-standard","5":"has-post-thumbnail","7":"category-futbol","8":"tag-deportes","9":"tag-es","10":"tag-espana","11":"tag-football","12":"tag-futbol","13":"tag-gol","14":"tag-gotze","15":"tag-heroe","16":"tag-mundial","17":"tag-soccer","18":"tag-spain","19":"tag-sports","20":"tag-truncado","21":"tag-vida"},"share_on_mastodon":{"url":"","error":""},"_links":{"self":[{"href":"https:\/\/www.europesays.com\/es\/wp-json\/wp\/v2\/posts\/156653","targetHints":{"allow":["GET"]}}],"collection":[{"href":"https:\/\/www.europesays.com\/es\/wp-json\/wp\/v2\/posts"}],"about":[{"href":"https:\/\/www.europesays.com\/es\/wp-json\/wp\/v2\/types\/post"}],"author":[{"embeddable":true,"href":"https:\/\/www.europesays.com\/es\/wp-json\/wp\/v2\/users\/2"}],"replies":[{"embeddable":true,"href":"https:\/\/www.europesays.com\/es\/wp-json\/wp\/v2\/comments?post=156653"}],"version-history":[{"count":0,"href":"https:\/\/www.europesays.com\/es\/wp-json\/wp\/v2\/posts\/156653\/revisions"}],"wp:featuredmedia":[{"embeddable":true,"href":"https:\/\/www.europesays.com\/es\/wp-json\/wp\/v2\/media\/156654"}],"wp:attachment":[{"href":"https:\/\/www.europesays.com\/es\/wp-json\/wp\/v2\/media?parent=156653"}],"wp:term":[{"taxonomy":"category","embeddable":true,"href":"https:\/\/www.europesays.com\/es\/wp-json\/wp\/v2\/categories?post=156653"},{"taxonomy":"post_tag","embeddable":true,"href":"https:\/\/www.europesays.com\/es\/wp-json\/wp\/v2\/tags?post=156653"}],"curies":[{"name":"wp","href":"https:\/\/api.w.org\/{rel}","templated":true}]}}