{"id":156659,"date":"2025-10-04T15:18:20","date_gmt":"2025-10-04T15:18:20","guid":{"rendered":"https:\/\/www.europesays.com\/es\/156659\/"},"modified":"2025-10-04T15:18:20","modified_gmt":"2025-10-04T15:18:20","slug":"la-hepatitis-c-ya-es-casi-una-enfermedad-rara-en-espana-y-podria-erradicarse-antes-de-2030","status":"publish","type":"post","link":"https:\/\/www.europesays.com\/es\/156659\/","title":{"rendered":"La hepatitis C ya es casi una enfermedad rara en Espa\u00f1a y podr\u00eda erradicarse antes de 2030"},"content":{"rendered":"<p class=\"ft-text\"><strong>Espa\u00f1a podr\u00eda ser uno de los primeros pa\u00edses en alcanzar el objetivo de la eliminaci\u00f3n de la hepatitis C<\/strong> como un problema de salud p\u00fablica para 2030, establecido por la OMS en 2016. Y es que, la incidencia de esta enfermedad en nuestro pa\u00eds ha disminuido \u00abdr\u00e1sticamente\u00bb en los \u00faltimos 10 a\u00f1os, como explican desde la Fundaci\u00f3n Espa\u00f1ola de Aparato Digestivo (FEAD). De hecho, hoy en d\u00eda, est\u00e1 cerca de considerarse una enfermedad rara.<\/p>\n<p class=\"ft-text\">Para llegar a esta situaci\u00f3n, desde el Sistema Nacional de Salud (SNS) se puso en marcha el Plan Estrat\u00e9gico del abordaje de la hepatitis C. Fue en 2015, cuando hab\u00eda entre 350.000 y 375.000 personas afectadas en nuestro pa\u00eds. En 2017, el acceso universal al tratamiento antiviral permiti\u00f3 la curaci\u00f3n de la infecci\u00f3n en pr\u00e1cticamente la totalidad de los pacientes diagnosticados hasta entonces. En 2020, la publicaci\u00f3n de la gu\u00eda de cribado de la hepatitis C del Ministerio de Sanidad facilit\u00f3 el abordaje y diagn\u00f3stico de los grupos de poblaci\u00f3n con mayor prevalencia de la infecci\u00f3n.<\/p>\n<p class=\"ft-text\">En los \u00faltimos a\u00f1os, algunas comunidades aut\u00f3nomas han elaborado diferentes planes de eliminaci\u00f3n de la hepatitis C.<\/p>\n<p class=\"ft-text\">Est\u00e1n activos el de Galicia, puesto en marcha en 2023 y que incluye el cribado oportunista etario (es decir, un tipo de detecci\u00f3n de enfermedades que se ofrece a personas de una edad espec\u00edfica en el contexto de una visita m\u00e9dica a la que acuden por otro motivo) en personas de entre 49 y 60 a\u00f1os, y el de <a class=\"ft-link ft-link--decoration\" href=\"https:\/\/www.superdeporte.es\/salud\/guia\/2025\/08\/29\/turismo-verano-andalucia-menos-dias-vacaciones-precios-altos-menos-gasto-122147218.html\" target=\"_blank\" rel=\"nofollow noopener\">Andaluc\u00eda<\/a>, puesto en marcha en 2024 como parte del Plan Integral para el abordaje de todas las enfermedades virales.<\/p>\n<p class=\"ft-text\">Sociedades cient\u00edficas como la Asociaci\u00f3n Espa\u00f1ola para el Estudio del H\u00edgado (AEEH) y asociaciones, como la Alianza para la Eliminaci\u00f3n de las Hepatitis V\u00edricas en Espa\u00f1a (AEHVE), han tenido tambi\u00e9n un papel importante en el impulso de acciones encaminadas a la eliminaci\u00f3n de la hepatitis C.<\/p>\n<blockquote class=\"ft-mol-quote\" data-aida-quote=\"\"><p>La prevalencia de la hepatitis C es del 0,14% en Espa\u00f1a<\/p><\/blockquote>\n<p class=\"ft-text\">Este importante esfuerzo de detecci\u00f3n y terap\u00e9utico se ha visto reflejado en una reducci\u00f3n muy relevante tanto de la mortalidad asociada a la hepatitis C como de la prevalencia global de la enfermedad en nuestro pa\u00eds. Esta \u00faltima est\u00e1 hoy en torno a un 0.14%, cifra que nos sit\u00faa muy cerca del objetivo de la eliminaci\u00f3n. Hasta diciembre de 2024, el n\u00famero de pacientes tratados en Espa\u00f1a asciende a m\u00e1s de 172.000 personas.<\/p>\n<p><img decoding=\"async\" src=\"https:\/\/www.europesays.com\/es\/wp-content\/uploads\/2025\/10\/11e50355-0b9e-45de-a24f-b564409841a2_alta-libre-aspect-ratio_default_0.jpg\" width=\"1200\" height=\"675\" alt=\"Archivo - El virus de la hepatitis C (VHC) circulando por el torrente sangu\u00edneo antes de infectar a las c\u00e9lulas\" class=\"ft-helper-img-rd\" loading=\"lazy\" hasdataaida=\"true\"\/><\/p>\n<p class=\"ft-helper-fontColor-quaternary ft-helper-fontSize-body-S ft-helper-spacer-t-xxs\">Archivo &#8211; El virus de la hepatitis C (VHC) circulando por el torrente sangu\u00edneo antes de infectar a las c\u00e9lulas  \/ NEXU SCIENCE COMMUNICATION &#8211; Archivo<\/p>\n<p>Muchos pacientes a\u00fan sin diagnosticar<\/p>\n<p class=\"ft-text\">Pese a los grandes avances, alrededor de <strong>54.000 pacientes viven con hepatitis C en Espa\u00f1a<\/strong> y no reciben tratamiento. Lo m\u00e1s preocupante: de ellos, un 29% est\u00e1 a\u00fan sin diagnosticar.<\/p>\n<p class=\"ft-text\">Como subraya la doctora Marta Casado, presidenta de la Fundaci\u00f3n del Aparato Digestivo (FEAD) y hepat\u00f3loga en el Hospital Universitario Torrec\u00e1rdenas de Almer\u00eda, las iniciativas destinadas a la eliminaci\u00f3n \u201cdeber\u00e1n estar encaminadas no s\u00f3lo al diagn\u00f3stico de los pacientes que tienen la enfermedad, sino tambi\u00e9n a la b\u00fasqueda de aquellos que fueron diagnosticados en el pasado, pero no recibieron tratamiento\u00bb.<\/p>\n<p class=\"ft-text\">Estas iniciativas incluir\u00edan \u201cla detecci\u00f3n oculta de la hepatitis C basada en la edad, la puesta en marcha de acciones de cribado en el \u00e1mbito hospitalario (fundamentalmente en los servicios de urgencias) y en Atenci\u00f3n primaria y la b\u00fasqueda de los pacientes que no recibieron el tratamiento tras su diagn\u00f3stico, para vincularlos a las consultas especializadas y al tratamiento antiviral\u00bb.<\/p>\n<blockquote class=\"ft-mol-quote\" data-aida-quote=\"\"><p>La v\u00eda de transmisi\u00f3n m\u00e1s habitual es a trav\u00e9s del contacto con la sangre de una persona infectada<\/p><\/blockquote>\n<p class=\"ft-text\">Estos esfuerzos deber\u00e1n estar especialmente dirigidos a \u201cgrupos de poblaci\u00f3n vulnerable, con elevada prevalencia de la hepatitis C\u201d, para lo que probablemente sea necesario <strong>\u201ctrasladar el diagn\u00f3stico y el tratamiento antiviral fuera del \u00e1mbito hospitalario\u00bb<\/strong>.<\/p>\n<p class=\"ft-text\">Espa\u00f1a, matiza la especialista, \u201cest\u00e1 muy cerca de conseguir la eliminaci\u00f3n de la hepatitis C antes del a\u00f1o 2030\u201d. Para llegar a este objetivo, eso s\u00ed, \u201ces necesario mantener el esfuerzo de todos los profesionales implicados en ello\u201d.<\/p>\n<p>\u00bfQu\u00e9 es la hepatitis C (VHC)?<\/p>\n<p class=\"ft-text\">La hepatitis C es una infecci\u00f3n v\u00edrica que produce inflamaci\u00f3n del h\u00edgado. Esto no significa que sea una enfermedad exclusivamente hep\u00e1tica, sino que debe englobarse dentro de las enfermedades sist\u00e9micas o que afectan a todo el organismo.<\/p>\n<p class=\"ft-text\">El virus de la hepatitis C <strong>puede provocar hepatitis aguda, con manifestaciones leves, o manifestaciones m\u00e1s severas y cronificadas<\/strong>. La infecci\u00f3n aguda suele ser asintom\u00e1tica y puede pasar desapercibida. La infecci\u00f3n cr\u00f3nica, la m\u00e1s habitual, puede producir s\u00edntomas leves o inexistentes hasta que se desarrollan estadios avanzados de la enfermedad, como la cirrosis y sus complicaciones.<\/p>\n<p class=\"ft-text\">La v\u00eda de transmisi\u00f3n m\u00e1s habitual es a trav\u00e9s del contacto con la sangre de una persona infectada. Otras v\u00edas de transmisi\u00f3n, poco frecuentes, incluyen la transmisi\u00f3n sexual y la transmisi\u00f3n madre-hijo o vertical.<\/p>\n<p class=\"ft-text\">Las opciones terap\u00e9uticas tienen como fin curar la enfermedad y prevenir un posible da\u00f1o hep\u00e1tico en el futuro. Durante la \u00faltima d\u00e9cada, el tratamiento de la hepatitis C ha dado un giro radical, y la aparici\u00f3n de f\u00e1rmacos de administraci\u00f3n oral muy efectivos y con pocos efectos secundarios ha permitido que la tasa de curaci\u00f3n sea cercana al 100%.<\/p>\n","protected":false},"excerpt":{"rendered":"Espa\u00f1a podr\u00eda ser uno de los primeros pa\u00edses en alcanzar el objetivo de la eliminaci\u00f3n de la hepatitis&hellip;\n","protected":false},"author":2,"featured_media":156660,"comment_status":"","ping_status":"","sticky":false,"template":"","format":"standard","meta":{"footnotes":""},"categories":[92],"tags":[46851,25,24,165,1450,166,23],"class_list":{"0":"post-156659","1":"post","2":"type-post","3":"status-publish","4":"format-standard","5":"has-post-thumbnail","7":"category-salud","8":"tag-aparato-digestivo","9":"tag-es","10":"tag-espana","11":"tag-health","12":"tag-hepatitis-c","13":"tag-salud","14":"tag-spain"},"share_on_mastodon":{"url":"","error":""},"_links":{"self":[{"href":"https:\/\/www.europesays.com\/es\/wp-json\/wp\/v2\/posts\/156659","targetHints":{"allow":["GET"]}}],"collection":[{"href":"https:\/\/www.europesays.com\/es\/wp-json\/wp\/v2\/posts"}],"about":[{"href":"https:\/\/www.europesays.com\/es\/wp-json\/wp\/v2\/types\/post"}],"author":[{"embeddable":true,"href":"https:\/\/www.europesays.com\/es\/wp-json\/wp\/v2\/users\/2"}],"replies":[{"embeddable":true,"href":"https:\/\/www.europesays.com\/es\/wp-json\/wp\/v2\/comments?post=156659"}],"version-history":[{"count":0,"href":"https:\/\/www.europesays.com\/es\/wp-json\/wp\/v2\/posts\/156659\/revisions"}],"wp:featuredmedia":[{"embeddable":true,"href":"https:\/\/www.europesays.com\/es\/wp-json\/wp\/v2\/media\/156660"}],"wp:attachment":[{"href":"https:\/\/www.europesays.com\/es\/wp-json\/wp\/v2\/media?parent=156659"}],"wp:term":[{"taxonomy":"category","embeddable":true,"href":"https:\/\/www.europesays.com\/es\/wp-json\/wp\/v2\/categories?post=156659"},{"taxonomy":"post_tag","embeddable":true,"href":"https:\/\/www.europesays.com\/es\/wp-json\/wp\/v2\/tags?post=156659"}],"curies":[{"name":"wp","href":"https:\/\/api.w.org\/{rel}","templated":true}]}}