{"id":156667,"date":"2025-10-04T15:22:14","date_gmt":"2025-10-04T15:22:14","guid":{"rendered":"https:\/\/www.europesays.com\/es\/156667\/"},"modified":"2025-10-04T15:22:14","modified_gmt":"2025-10-04T15:22:14","slug":"el-aeropuerto-de-munich-tuvo-que-cerrar-temporalmente-por-segunda-noche-por-drones","status":"publish","type":"post","link":"https:\/\/www.europesays.com\/es\/156667\/","title":{"rendered":"El aeropuerto de M\u00fanich tuvo que cerrar temporalmente por segunda noche por drones"},"content":{"rendered":"<p>                        El cierre afect\u00f3 a 46 vuelos de salida y 35 de llegada, inform\u00f3 la gestora del aer\u00f3dromo\n<\/p>\n<p>        <img src=\"https:\/\/www.lavanguardia.com\/files\/image_449_220\/uploads\/2022\/09\/01\/63108eed8f729.jpeg\" data-full-src=\"https:\/\/www.europesays.com\/es\/wp-content\/uploads\/2025\/10\/63108eed8f729.jpeg\" alt=\"Aviones de Lufthansa en el aeropuerto de Munich\" width=\"449\" height=\"220\" class=\"nolazy\" decoding=\"async\" fetchpriority=\"high\"\/><\/p>\n<p class=\"caption-title \">Aviones de Lufthansa en el aeropuerto de M\u00fanich, Alemania.<\/p>\n<p>Matthias Schrader \/ AP<\/p>\n<p>\n                04\/10\/2025 08:45<br \/>\n                Actualizado a  04\/10\/2025 08:46\n            <\/p>\n<p data-gtm-element-container=\"modulo-texto-link\" class=\"paragraph\">El aeropuerto de M\u00fanich, en el sur de Alemania, tuvo que cerrar por segunda noche consecutiva por el avistamiento de drones, lo que afect\u00f3 a 46 vuelos de salida y 35 de llegada, inform\u00f3 la gestora del aer\u00f3dromo en un comunicado, en el que indic\u00f3 que est\u00e1 retomando paulatinamente las operaciones este s\u00e1bado.<\/p>\n<p data-gtm-element-container=\"modulo-texto-link\" class=\"paragraph\">\u201cEl 3 de octubre, el Servicio Alem\u00e1n de Control A\u00e9reo (DSF) restringi\u00f3 y finalmente suspendi\u00f3 las operaciones de vuelo en el aeropuerto de M\u00fanich alrededor de las 21.30 hora local (21.30 hora GMT) debido a avistamientos de drones\u201d, se\u00f1al\u00f3 el aeropuerto.\u00a0<\/p>\n<p>\n                            Mostrar comentarios\n                        <\/p>\n<p>{\u00aballowComment\u00bb:\u00bballowed\u00bb,\u00bbarticleId\u00bb:\u00bbarticle-11126933&#8243;,\u00bburl\u00bb:\u00bbhttps:\\\/\\\/www.lavanguardia.com\\\/politica\\\/20251004\\\/11126933\\\/aeropuerto-munich-tuvo-cerrar-temporalmente-segunda-noche-drones-agenciaslv20251004.html\u00bb,\u00bblivefyre-url\u00bb:\u00bbarticle-11126933&#8243;}<\/p>\n<p>Cargando siguiente contenido&#8230;\n                <\/p>\n","protected":false},"excerpt":{"rendered":"El cierre afect\u00f3 a 46 vuelos de salida y 35 de llegada, inform\u00f3 la gestora del aer\u00f3dromo Aviones&hellip;\n","protected":false},"author":2,"featured_media":156668,"comment_status":"","ping_status":"","sticky":false,"template":"","format":"standard","meta":{"footnotes":""},"categories":[42],"tags":[17,18,13,14,11,61,62,63,64,19,20,9,10,15,16,12,21,22,65,66,67],"class_list":{"0":"post-156667","1":"post","2":"type-post","3":"status-publish","4":"format-standard","5":"has-post-thumbnail","7":"category-internacional","8":"tag-breaking-news","9":"tag-breakingnews","10":"tag-featured-news","11":"tag-featurednews","12":"tag-headlines","13":"tag-internacional","14":"tag-international","15":"tag-international-news","16":"tag-internationalnews","17":"tag-latest-news","18":"tag-latestnews","19":"tag-news","20":"tag-noticias","21":"tag-noticias-destacadas","22":"tag-noticiasdestacadas","23":"tag-titulares","24":"tag-ultimas-noticias","25":"tag-ultimasnoticias","26":"tag-world","27":"tag-world-news","28":"tag-worldnews"},"share_on_mastodon":{"url":"","error":""},"_links":{"self":[{"href":"https:\/\/www.europesays.com\/es\/wp-json\/wp\/v2\/posts\/156667","targetHints":{"allow":["GET"]}}],"collection":[{"href":"https:\/\/www.europesays.com\/es\/wp-json\/wp\/v2\/posts"}],"about":[{"href":"https:\/\/www.europesays.com\/es\/wp-json\/wp\/v2\/types\/post"}],"author":[{"embeddable":true,"href":"https:\/\/www.europesays.com\/es\/wp-json\/wp\/v2\/users\/2"}],"replies":[{"embeddable":true,"href":"https:\/\/www.europesays.com\/es\/wp-json\/wp\/v2\/comments?post=156667"}],"version-history":[{"count":0,"href":"https:\/\/www.europesays.com\/es\/wp-json\/wp\/v2\/posts\/156667\/revisions"}],"wp:featuredmedia":[{"embeddable":true,"href":"https:\/\/www.europesays.com\/es\/wp-json\/wp\/v2\/media\/156668"}],"wp:attachment":[{"href":"https:\/\/www.europesays.com\/es\/wp-json\/wp\/v2\/media?parent=156667"}],"wp:term":[{"taxonomy":"category","embeddable":true,"href":"https:\/\/www.europesays.com\/es\/wp-json\/wp\/v2\/categories?post=156667"},{"taxonomy":"post_tag","embeddable":true,"href":"https:\/\/www.europesays.com\/es\/wp-json\/wp\/v2\/tags?post=156667"}],"curies":[{"name":"wp","href":"https:\/\/api.w.org\/{rel}","templated":true}]}}