{"id":156669,"date":"2025-10-04T15:23:07","date_gmt":"2025-10-04T15:23:07","guid":{"rendered":"https:\/\/www.europesays.com\/es\/156669\/"},"modified":"2025-10-04T15:23:07","modified_gmt":"2025-10-04T15:23:07","slug":"la-madre-de-la-nina-de-4-anos-rescatada-de-un-intento-de-abuso-en-lucena-detenida-por-prostitucion-de-menores","status":"publish","type":"post","link":"https:\/\/www.europesays.com\/es\/156669\/","title":{"rendered":"La madre de la ni\u00f1a de 4 a\u00f1os rescatada de un intento de abuso en Lucena, detenida por prostituci\u00f3n de menores"},"content":{"rendered":"<p>04\/10\/2025<br \/>\n<br \/><strong><br \/>\nActualizado a las 13:31h.<br \/>\n<\/strong><\/p>\n<p class=\"voc-p\" style=\"\">La <a href=\"https:\/\/www.abc.es\/noticias\/policia-nacional\/\" data-voc-vtm-id=\"in-text-traffic\" title=\"Polic\u00eda Nacional \" data-mrf-link=\"www.abc.es\" rel=\"nofollow noopener\" target=\"_blank\">Polic\u00eda Nacional <\/a>de <strong>Lucena <\/strong>ha detenido a la madre de la menor de 4 a\u00f1os que el pasado jueves fue rescatada por unos vecinos cuando un individuo se dispon\u00eda, presuntamente, a <a href=\"https:\/\/www.abc.es\/espana\/andalucia\/cordoba\/detenido-lucena-presunto-intento-abuso-sexual-menor-20251003064838-nts.html\" data-voc-vtm-id=\"in-text-traffic\" title=\"abusar de ella en un portal\" data-mrf-link=\"www.abc.es\" rel=\"nofollow noopener\" target=\"_blank\">abusar de ella en un portal<\/a> de la <strong>calle \u00c1lamos<\/strong>, cerca del llano de Tinajer\u00edas. El hombre fue retenido por los residentes y detenido poco despu\u00e9s.<\/p>\n<p class=\"voc-p\" style=\"\">Seg\u00fan fuentes cercanas a la investigaci\u00f3n, la madre de la peque\u00f1a habr\u00eda sido arrestada por un presunto <strong>delito de prostituci\u00f3n y corrupci\u00f3n de menores<\/strong>. <\/p>\n<p class=\"voc-p\" style=\"\">En cuanto al presunto abusador, se trata, como adelant\u00f3 este peri\u00f3dico, de un <strong>var\u00f3n de 46 a\u00f1os <\/strong>que trabaja como repartidor y que no tiene v\u00ednculo alguno con la ni\u00f1a.<\/p>\n<p class=\"voc-p\" style=\"\">Cuenta con antecedentes por hechos similares; de hecho, las mismas fuentes confirman que ya ha cumplido una pena de c\u00e1rcel de<strong> 10 a\u00f1os <\/strong>y que, en el momento de los hechos, contaba con un dispositivo de <strong>control telem\u00e1tico<\/strong> para su seguimiento. <\/p>\n<p class=\"voc-p\" style=\"\">El detenido contin\u00faa en dependencias de la Polic\u00eda Nacional, si bien es m\u00e1s que probable que pase a <strong>disposici\u00f3n judicial<\/strong> a lo largo de este s\u00e1bado. <\/p>\n<p>\nSin oponer resistencia\n<\/p>\n<p class=\"voc-p\" style=\"\">Seg\u00fan los testimonios recogidos por este diario, el arrestado se encontraba con la peque\u00f1a en el portal de una casa de vecinos de la calle \u00c1lamos (en la zona de Tinajer\u00edas de la localidad lucentina), donde, supuestamente, la habr\u00eda llevado para cometer los <strong>abusos<\/strong>. <\/p>\n<p class=\"voc-p\" style=\"\">La ni\u00f1a <strong>empez\u00f3 a llorar<\/strong>, lo que alert\u00f3 a varios vecinos que sorprendieron al ahora detenido con los pantalones bajados ante la menor en el portal, donde fue sorprendido. De inmediato, llamaron a la Polic\u00eda Local, que lo detuvo. El hombre<strong> no opuso resistencia<\/strong>; es m\u00e1s, algunos testigos aseguran que ni siquiera neg\u00f3 los hechos. <\/p>\n<p>Reportar un error<\/p>\n","protected":false},"excerpt":{"rendered":"04\/10\/2025 Actualizado a las 13:31h. La Polic\u00eda Nacional de Lucena ha detenido a la madre de la menor&hellip;\n","protected":false},"author":2,"featured_media":156670,"comment_status":"","ping_status":"","sticky":false,"template":"","format":"standard","meta":{"footnotes":""},"categories":[8],"tags":[12722,17,18,12983,25,24,13,14,11,17596,19,20,10929,3354,1567,9,1388,10,15,16,28383,42232,23,12,21,22],"class_list":{"0":"post-156669","1":"post","2":"type-post","3":"status-publish","4":"format-standard","5":"has-post-thumbnail","7":"category-espana","8":"tag-abuso","9":"tag-breaking-news","10":"tag-breakingnews","11":"tag-detenida","12":"tag-es","13":"tag-espana","14":"tag-featured-news","15":"tag-featurednews","16":"tag-headlines","17":"tag-intento","18":"tag-latest-news","19":"tag-latestnews","20":"tag-lucena","21":"tag-madre","22":"tag-menores","23":"tag-news","24":"tag-nina","25":"tag-noticias","26":"tag-noticias-destacadas","27":"tag-noticiasdestacadas","28":"tag-prostitucion","29":"tag-rescatada","30":"tag-spain","31":"tag-titulares","32":"tag-ultimas-noticias","33":"tag-ultimasnoticias"},"share_on_mastodon":{"url":"","error":""},"_links":{"self":[{"href":"https:\/\/www.europesays.com\/es\/wp-json\/wp\/v2\/posts\/156669","targetHints":{"allow":["GET"]}}],"collection":[{"href":"https:\/\/www.europesays.com\/es\/wp-json\/wp\/v2\/posts"}],"about":[{"href":"https:\/\/www.europesays.com\/es\/wp-json\/wp\/v2\/types\/post"}],"author":[{"embeddable":true,"href":"https:\/\/www.europesays.com\/es\/wp-json\/wp\/v2\/users\/2"}],"replies":[{"embeddable":true,"href":"https:\/\/www.europesays.com\/es\/wp-json\/wp\/v2\/comments?post=156669"}],"version-history":[{"count":0,"href":"https:\/\/www.europesays.com\/es\/wp-json\/wp\/v2\/posts\/156669\/revisions"}],"wp:featuredmedia":[{"embeddable":true,"href":"https:\/\/www.europesays.com\/es\/wp-json\/wp\/v2\/media\/156670"}],"wp:attachment":[{"href":"https:\/\/www.europesays.com\/es\/wp-json\/wp\/v2\/media?parent=156669"}],"wp:term":[{"taxonomy":"category","embeddable":true,"href":"https:\/\/www.europesays.com\/es\/wp-json\/wp\/v2\/categories?post=156669"},{"taxonomy":"post_tag","embeddable":true,"href":"https:\/\/www.europesays.com\/es\/wp-json\/wp\/v2\/tags?post=156669"}],"curies":[{"name":"wp","href":"https:\/\/api.w.org\/{rel}","templated":true}]}}