{"id":15667,"date":"2025-07-31T06:17:07","date_gmt":"2025-07-31T06:17:07","guid":{"rendered":"https:\/\/www.europesays.com\/es\/15667\/"},"modified":"2025-07-31T06:17:07","modified_gmt":"2025-07-31T06:17:07","slug":"concursos-de-carteles-y-fotografia-dia-internacional-de-las-mujeres-2026-aviles","status":"publish","type":"post","link":"https:\/\/www.europesays.com\/es\/15667\/","title":{"rendered":"Concursos de carteles y fotograf\u00eda D\u00eda Internacional de las Mujeres 2026. Avil\u00e9s."},"content":{"rendered":"\n<p>\t\t\t\t\t\t<img decoding=\"async\" class=\"w-full object-cover aspect-video\" src=\"https:\/\/www.europesays.com\/es\/wp-content\/uploads\/2025\/07\/b70b6d79-98f5-2540-7d6d-c4bca9b97441\" data-fileentryid=\"263815\" alt=\"\"\/><\/p>\n<p lang=\"ES-ES\" xml:lang=\"ES-ES\"><strong>Plazo de solicitud:<\/strong> Hasta el 30 de Septiembre de 2025.<\/p>\n<p lang=\"ES-ES\" xml:lang=\"ES-ES\"><strong>Convoca:<\/strong> Ayuntamiento de Avil\u00e9s.<\/p>\n<p lang=\"ES-ES\" xml:lang=\"ES-ES\">Un a\u00f1o m\u00e1s, la concejal\u00eda de Igualdad de Avil\u00e9s lanza la convocatoria para los concursos de carteles y fotograf\u00eda con los que se ilustrar\u00e1 la conmemoraci\u00f3n del D\u00eda Internacional de las Mujeres 2026.\u00a0<\/p>\n<p lang=\"ES-ES\" xml:lang=\"ES-ES\">El concurso de carteles est\u00e1 dirigido a personas mayores de 18 a\u00f1os, con un premio de 900 euros para la propuesta mejor valorada, que ser\u00e1 la imagen oficial del 8M 2026 de Avil\u00e9s. En cuanto al certamen de fotograf\u00eda, est\u00e1 abierto exclusivamente a mujeres mayores de 18 a\u00f1os y contempla un premio de 500 euros para la obra ganadora. En ambos casos, no podr\u00e1n participar quienes hayan sido premiadas en las dos ediciones anteriores.\u00a0\u00a0<\/p>\n<p lang=\"ES-ES\" xml:lang=\"ES-ES\">Las personas interesadas en participar deber\u00e1n enviar sus propuestas, junto con la documentaci\u00f3n requerida, a trav\u00e9s de la Sede Electr\u00f3nica del Ayuntamiento de Avil\u00e9s. Para ello, deber\u00e1n seguir la ruta: Publicaciones\/Subvenciones\/\u00c1rea de Promoci\u00f3n Social, en la direcci\u00f3n\u00a0<a href=\"https:\/\/sedeelectronica.aviles.es\/Subvenciones\" rel=\"noreferrer noopener nofollow\" target=\"_blank\">https:\/\/sedeelectronica.aviles.es\/Subvenciones<\/a>\u00a0<\/p>\n<p lang=\"ES-ES\" xml:lang=\"ES-ES\"><strong>XXVII Concurso de fotograf\u00edas\u00a0<\/strong><\/p>\n<p lang=\"ES-ES\" xml:lang=\"ES-ES\">El tema central deber\u00e1 de estar\u00a0 relacionado con el d\u00eda que se conmemora, y podr\u00e1n concurrir todas las mujeres mayores de 18 a\u00f1os con nacionalidad espa\u00f1ola o con residencia en el Estado Espa\u00f1ol, quedando excluidas las personas ganadoras del certamen en cualquiera de sus modalidades (color y blanco y negro) los dos a\u00f1os anteriores, el personal vinculado a la Concejal\u00eda Delegada de Igualdad y las personas que forman parte del Jurado.\u00a0<\/p>\n<p lang=\"ES-ES\" xml:lang=\"ES-ES\">El n\u00famero de obras presentadas por cada autora no exceder\u00e1 de 5 en blanco y negro y 5 en color.\u00a0<\/p>\n<p lang=\"ES-ES\" xml:lang=\"ES-ES\">Las fotograf\u00edas cumplir\u00e1n los siguientes requisitos:\u00a0<\/p>\n<p lang=\"ES-ES\" xml:lang=\"ES-ES\">Cada trabajo deber\u00e1 ser original o in\u00e9dito\u00a0<\/p>\n<p lang=\"ES-ES\" xml:lang=\"ES-ES\">Las fotograf\u00edas se presentar\u00e1n sin firma\u00a0<\/p>\n<p lang=\"ES-ES\" xml:lang=\"ES-ES\">El tama\u00f1o m\u00ednimo ser\u00e1 de 15&#215;20 cm\u00a0<\/p>\n<p lang=\"ES-ES\" xml:lang=\"ES-ES\">Si en la fotograf\u00eda figurara la imagen de alguna persona en primer plano o reconocible, se adjuntar\u00e1 tambi\u00e9n autorizaci\u00f3n firmada de la persona interesada para incluir dicha imagen en la fotograf\u00eda y su posterior edici\u00f3n. En el caso de que aparezca un menor de edad se adjuntar\u00e1 autorizaci\u00f3n firmada por sus progenitores o tutores\u00a0<\/p>\n<p lang=\"ES-ES\" xml:lang=\"ES-ES\">En el dise\u00f1o no pueden aparecer im\u00e1genes que se identifiquen con marcas corporativas\u00a0<\/p>\n<p lang=\"ES-ES\" xml:lang=\"ES-ES\">No se admitir\u00e1n im\u00e1genes obtenidas a partir de composiciones de varias fotograf\u00edas o que incorporen efectos de tipo digital.\u00a0<\/p>\n<p lang=\"ES-ES\" xml:lang=\"ES-ES\">En el dise\u00f1o de la fotograf\u00eda deber\u00e1 figurar un lema\u00a0<\/p>\n<p lang=\"ES-ES\" xml:lang=\"ES-ES\">Adem\u00e1s se aportar\u00e1 una breve descripci\u00f3n de la obra.\u00a0<\/p>\n<p lang=\"ES-ES\" xml:lang=\"ES-ES\">Se acompa\u00f1ar\u00e1n tantos archivos en formato electr\u00f3nico como fotograf\u00edas se presenten, identificando cada archivo con un lema. Las extensiones permitidas son:\u00a0doc, xls, xlsx,\u00a0ppt,\u00a0pdf,\u00a0rtf,\u00a0jpg,\u00a0bmp,\u00a0tiff, zip y rar. Los nombres de ficheros no pueden contener acentos. S\u00f3lo pueden contener caracteres alfanum\u00e9ricos, subrayados, guiones o par\u00e9ntesis.\u00a0<\/p>\n<p lang=\"ES-ES\" xml:lang=\"ES-ES\">Los criterios a valorar ser\u00e1n la originalidad de los trabajos, as\u00ed como su calidad t\u00e9cnica y su trascendencia social.\u00a0<\/p>\n<p lang=\"ES-ES\" xml:lang=\"ES-ES\"><strong>XXVII Concurso de carteles\u00a0<\/strong><\/p>\n<p lang=\"ES-ES\" xml:lang=\"ES-ES\">El tema central debe estar relacionado con el d\u00eda que se conmemora, y deber\u00e1 figurar la leyenda \u201c8 de marzo D\u00eda Internacional de las Mujeres\u201d. Podr\u00e1n concurrir todas las personas mayores de 18 a\u00f1os con nacionalidad espa\u00f1ola o residencia en el Estado Espa\u00f1ol, quedando excluidas las ganadoras del certamen los dos a\u00f1os anteriores, el personal vinculado a la Concejal\u00eda Delegada de Igualdad y las personas que forman parte del Jurado.\u00a0<\/p>\n<p lang=\"ES-ES\" xml:lang=\"ES-ES\">Cada persona podr\u00e1 presentar un \u00fanico proyecto.\u00a0<\/p>\n<p lang=\"ES-ES\" xml:lang=\"ES-ES\">Las personas participantes deber\u00e1n de presentar sus trabajos atendiendo a los siguientes criterios:\u00a0<\/p>\n<p lang=\"ES-ES\" xml:lang=\"ES-ES\">Cada trabajo deber\u00e1 ser original o in\u00e9dito\u00a0<\/p>\n<p lang=\"ES-ES\" xml:lang=\"ES-ES\">Los carteles se presentar\u00e1n sin firma\u00a0<\/p>\n<p lang=\"ES-ES\" xml:lang=\"ES-ES\">En el dise\u00f1o del cartel deber\u00e1 figurar\u00a0 la leyenda \u201c8 de marzo D\u00eda Internacional de las\u00a0Mujeres\u201do\u00a0un LEMA relacionado con el d\u00eda que se conmemora\u00a0<\/p>\n<p lang=\"ES-ES\" xml:lang=\"ES-ES\">En el dise\u00f1o no pueden aparecer im\u00e1genes que se identifiquen con marcas corporativas\u00a0<\/p>\n<p lang=\"ES-ES\" xml:lang=\"ES-ES\">Medir\u00e1n\u00a050 cm\u00a0x\u00a070 cm\u00a0(espacio pintado).\u00a0<\/p>\n<p lang=\"ES-ES\" xml:lang=\"ES-ES\">Si en el cartel figurara la imagen de alguna persona en primer plano o reconocible, se adjuntar\u00e1 tambi\u00e9n autorizaci\u00f3n firmada de la persona interesada para incluir dicha imagen en el cartel y su posterior edici\u00f3n\u00a0<\/p>\n<p lang=\"ES-ES\" xml:lang=\"ES-ES\">Adem\u00e1s se aportar\u00e1 una breve descripci\u00f3n de la obra.\u00a0<\/p>\n<p lang=\"ES-ES\" xml:lang=\"ES-ES\">Se acompa\u00f1ar\u00e1 el archivo en formato electr\u00f3nico identific\u00e1ndolo con un lema. Las extensiones permitidas son:\u00a0doc, xls, xlsx,\u00a0ppt,\u00a0pdf,\u00a0rtf,\u00a0jpg, png,\u00a0bmp,\u00a0tiff, zip y rar. Los nombres de ficheros no pueden contener acentos. S\u00f3lo pueden contener caracteres alfanum\u00e9ricos, subrayados, guiones o par\u00e9ntesis.\u00a0<\/p>\n<p lang=\"ES-ES\" xml:lang=\"ES-ES\">Los criterios a valorar ser\u00e1n la originalidad de los trabajos, calidad t\u00e9cnica y trascendencia social.\u00a0<\/p>\n<p lang=\"ES-ES\" xml:lang=\"ES-ES\"><strong>M\u00e1s informaci\u00f3n <\/strong>en\u00a0<a href=\"https:\/\/sedeelectronica.aviles.es\/Subvenciones\" rel=\"noreferrer noopener nofollow\" target=\"_blank\">https:\/\/sedeelectronica.aviles.es\/Subvenciones<\/a>\u00a0y en el servicio de Igualdad del Ayuntamiento de Avil\u00e9s:\u00a0<a href=\"https:\/\/juventud.asturias.es\/-\/mailto:igualdad@aviles.es\" rel=\"noreferrer noopener nofollow\" target=\"_blank\">igualdad@aviles.es<\/a>\u00a0<\/p>\n","protected":false},"excerpt":{"rendered":"Plazo de solicitud: Hasta el 30 de Septiembre de 2025. Convoca: Ayuntamiento de Avil\u00e9s. Un a\u00f1o m\u00e1s, la&hellip;\n","protected":false},"author":2,"featured_media":15668,"comment_status":"","ping_status":"","sticky":false,"template":"","format":"standard","meta":{"footnotes":""},"categories":[5],"tags":[17,18,25,24,13,14,11,19,20,9,10,15,16,10350,23,12,10351,21,22],"class_list":{"0":"post-15667","1":"post","2":"type-post","3":"status-publish","4":"format-standard","5":"has-post-thumbnail","7":"category-titulares","8":"tag-breaking-news","9":"tag-breakingnews","10":"tag-es","11":"tag-espana","12":"tag-featured-news","13":"tag-featurednews","14":"tag-headlines","15":"tag-latest-news","16":"tag-latestnews","17":"tag-news","18":"tag-noticias","19":"tag-noticias-destacadas","20":"tag-noticiasdestacadas","21":"tag-premios-y-concursos","22":"tag-spain","23":"tag-titulares","24":"tag-todos-los-temas","25":"tag-ultimas-noticias","26":"tag-ultimasnoticias"},"share_on_mastodon":{"url":"","error":""},"_links":{"self":[{"href":"https:\/\/www.europesays.com\/es\/wp-json\/wp\/v2\/posts\/15667","targetHints":{"allow":["GET"]}}],"collection":[{"href":"https:\/\/www.europesays.com\/es\/wp-json\/wp\/v2\/posts"}],"about":[{"href":"https:\/\/www.europesays.com\/es\/wp-json\/wp\/v2\/types\/post"}],"author":[{"embeddable":true,"href":"https:\/\/www.europesays.com\/es\/wp-json\/wp\/v2\/users\/2"}],"replies":[{"embeddable":true,"href":"https:\/\/www.europesays.com\/es\/wp-json\/wp\/v2\/comments?post=15667"}],"version-history":[{"count":0,"href":"https:\/\/www.europesays.com\/es\/wp-json\/wp\/v2\/posts\/15667\/revisions"}],"wp:featuredmedia":[{"embeddable":true,"href":"https:\/\/www.europesays.com\/es\/wp-json\/wp\/v2\/media\/15668"}],"wp:attachment":[{"href":"https:\/\/www.europesays.com\/es\/wp-json\/wp\/v2\/media?parent=15667"}],"wp:term":[{"taxonomy":"category","embeddable":true,"href":"https:\/\/www.europesays.com\/es\/wp-json\/wp\/v2\/categories?post=15667"},{"taxonomy":"post_tag","embeddable":true,"href":"https:\/\/www.europesays.com\/es\/wp-json\/wp\/v2\/tags?post=15667"}],"curies":[{"name":"wp","href":"https:\/\/api.w.org\/{rel}","templated":true}]}}