{"id":156671,"date":"2025-10-04T15:24:16","date_gmt":"2025-10-04T15:24:16","guid":{"rendered":"https:\/\/www.europesays.com\/es\/156671\/"},"modified":"2025-10-04T15:24:16","modified_gmt":"2025-10-04T15:24:16","slug":"junior-necesita-adaptarse-todavia-pero-le-tengo-mucha-fe","status":"publish","type":"post","link":"https:\/\/www.europesays.com\/es\/156671\/","title":{"rendered":"\u00abJunior necesita adaptarse todav\u00eda, pero le tengo mucha fe\u00bb"},"content":{"rendered":"<p>04\/10\/2025<br \/>\n<br \/><strong><br \/>\nActualizado a las 13:26h.<br \/>\n<\/strong><\/p>\n<p class=\"voc-p\" style=\"\">Ha comparecido Manuel Pellegrini, entrenador del Real Betis, despu\u00e9s de la \u00faltima sesi\u00f3n de entrenamiento que el chileno ha dirigido ante sus jugadores, previa al viaje de esta tarde hasta Barcelona, donde ma\u00f1ana domingo, a partir de las 18.30 horas, el primer equipo b\u00e9tico disputar\u00e1 ante el Espanyol el partido correspondiente a la octava jornada de LaLiga 25-26. Ha comenzado repasando el parte m\u00e9dico y hablaba de la baja de \u00faltima hora de Amrabat: \u00abEspero que Amrabat est\u00e9 tras el par\u00f3n. Deber\u00eda estar a la vuelta. Nelson Deossa ha mejorado en estos \u00faltimos d\u00edas. Espero que tambi\u00e9n est\u00e9 recuperado tras el par\u00f3n\u00bb.<\/p>\n<p class=\"voc-p\" style=\"\">Sobre el partido ante el equipo que dirige Manolo Gonz\u00e1lez, Pellegrini dijo que \u00abel equipo llega bien. Sabemos el desgaste de los viajes, pero la motivaci\u00f3n de ganar es la de siempre. El Espanyol juega bien al f\u00fatbol y es bastante ofensivo\u00bb.<\/p>\n<p class=\"voc-p\" style=\"\">Fue una rueda de prensa de nombres propios. Era cuestionado el entrenador b\u00e9tico por la rotaci\u00f3n en el lateral zurdo y valor\u00f3 que \u00abJunior y Ricardo tienen bastante trayectoria. Ricardo, adem\u00e1s, es muy s\u00f3lido en defensa, ha hecho muy buenos partidos esta temporada. Junior necesita adaptarse todav\u00eda, pero le tengo mucha fe\u00bb.<\/p>\n<p class=\"voc-p\" style=\"\">De Abde, que en declaraciones al diario AS ha asegurado que va a ser su \u00abmejor a\u00f1o\u00bb en el Betis, el t\u00e9cnico de Santiago dijo que \u00abAbde es el que m\u00e1s ocasiones crea y menos convierte, es importante que siga mejorando cada temporada. Le veo bien\u00bb.<\/p>\n<p class=\"voc-p\" style=\"\">Tambi\u00e9n habl\u00f3 de Antony, del que dijo que \u00abest\u00e1 cumpliendo plenamente, est\u00e1 trabajando much\u00edsimo en los partidos. El otro d\u00eda hizo gol y dio asistencia. Partido tras partido va a seguir mejorando\u00bb.<\/p>\n<p class=\"voc-p\" style=\"\">Por \u00faltimo, destac\u00f3 la pareja de centrales formada por Natan y Valent\u00edn G\u00f3mez, destacando la mejor\u00eda del joven zaguero argentino exjugador de V\u00e9lez Sarsfield: \u00abValent\u00edn G\u00f3mez se ha adaptado muy bien. No nos han marcado en ning\u00fan partido reciente, se est\u00e1n entendiendo muy bien \u00e9l y Natan. Natan ven\u00eda m\u00e1s preparado que Valent\u00edn. A un zurdo a veces se le cuestiona m\u00e1s cuando juega en la derecha. Es extra\u00f1o pero se adaptan y m\u00e1s Natan, que es trabajador e inteligente\u00bb, concluy\u00f3.<\/p>\n<p>Reportar un error<\/p>\n","protected":false},"excerpt":{"rendered":"04\/10\/2025 Actualizado a las 13:26h. Ha comparecido Manuel Pellegrini, entrenador del Real Betis, despu\u00e9s de la \u00faltima sesi\u00f3n&hellip;\n","protected":false},"author":2,"featured_media":156672,"comment_status":"","ping_status":"","sticky":false,"template":"","format":"standard","meta":{"footnotes":""},"categories":[5],"tags":[46854,17,18,25,24,13,14,11,3368,19,20,18007,9,10,15,16,22479,23,12,21,22],"class_list":{"0":"post-156671","1":"post","2":"type-post","3":"status-publish","4":"format-standard","5":"has-post-thumbnail","7":"category-titulares","8":"tag-adaptarse","9":"tag-breaking-news","10":"tag-breakingnews","11":"tag-es","12":"tag-espana","13":"tag-featured-news","14":"tag-featurednews","15":"tag-headlines","16":"tag-junior","17":"tag-latest-news","18":"tag-latestnews","19":"tag-necesita","20":"tag-news","21":"tag-noticias","22":"tag-noticias-destacadas","23":"tag-noticiasdestacadas","24":"tag-pellegrini","25":"tag-spain","26":"tag-titulares","27":"tag-ultimas-noticias","28":"tag-ultimasnoticias"},"share_on_mastodon":{"url":"","error":""},"_links":{"self":[{"href":"https:\/\/www.europesays.com\/es\/wp-json\/wp\/v2\/posts\/156671","targetHints":{"allow":["GET"]}}],"collection":[{"href":"https:\/\/www.europesays.com\/es\/wp-json\/wp\/v2\/posts"}],"about":[{"href":"https:\/\/www.europesays.com\/es\/wp-json\/wp\/v2\/types\/post"}],"author":[{"embeddable":true,"href":"https:\/\/www.europesays.com\/es\/wp-json\/wp\/v2\/users\/2"}],"replies":[{"embeddable":true,"href":"https:\/\/www.europesays.com\/es\/wp-json\/wp\/v2\/comments?post=156671"}],"version-history":[{"count":0,"href":"https:\/\/www.europesays.com\/es\/wp-json\/wp\/v2\/posts\/156671\/revisions"}],"wp:featuredmedia":[{"embeddable":true,"href":"https:\/\/www.europesays.com\/es\/wp-json\/wp\/v2\/media\/156672"}],"wp:attachment":[{"href":"https:\/\/www.europesays.com\/es\/wp-json\/wp\/v2\/media?parent=156671"}],"wp:term":[{"taxonomy":"category","embeddable":true,"href":"https:\/\/www.europesays.com\/es\/wp-json\/wp\/v2\/categories?post=156671"},{"taxonomy":"post_tag","embeddable":true,"href":"https:\/\/www.europesays.com\/es\/wp-json\/wp\/v2\/tags?post=156671"}],"curies":[{"name":"wp","href":"https:\/\/api.w.org\/{rel}","templated":true}]}}