{"id":156675,"date":"2025-10-04T15:26:09","date_gmt":"2025-10-04T15:26:09","guid":{"rendered":"https:\/\/www.europesays.com\/es\/156675\/"},"modified":"2025-10-04T15:26:09","modified_gmt":"2025-10-04T15:26:09","slug":"tres-festejos-protagonizan-la-feria-taurina-san-miguel","status":"publish","type":"post","link":"https:\/\/www.europesays.com\/es\/156675\/","title":{"rendered":"Tres festejos protagonizan la Feria Taurina San Miguel"},"content":{"rendered":"<p class=\"v-mdl-ath__p v-mdl-ath__p--6\">\nS\u00e1bado, 4 de octubre 2025, 11:44<\/p>\n<p class=\"v-p\">La Feria Taurina San Miguel cuenta con tres festejos durante los d\u00edas centrales de la FIG 2025 en la plaza de toros de la ciudad, con m\u00e1ximas figuras del rejoneo y toreo a pie.<\/p>\n<p class=\"v-p\">La cita contiene eventos de diferente \u00edndole durante los d\u00edas 3, 4 y 5 de octubre, todos ellos a las 17.45 horas, organizados por la empresa Mar Toros con el patrocinio del Ayuntamiento de Zafra.<\/p>\n<p class=\"v-p\">Ayer viernes d\u00eda 3 de octubre, el coso zafrense acog\u00eda una clase pr\u00e1ctica con la lidia de seis novillos para los alumnos de la Escuela Taurina de Diputaci\u00f3n de Badajoz.<\/p>\n<p class=\"v-p\">Este s\u00e1bado 4 de octubre se celebrar\u00e1 una corrida de rejones con seis toros criados por la ganader\u00eda Guiomar Cort\u00e9s de Moura-Los Espartales, para los maestros Rui Fernandes, Diego Ventura y Leonardo Hern\u00e1ndez, as\u00ed como la actuaci\u00f3n de los grupos de for\u00e7ados &#8216;Amadores de Lisboa&#8217; y &#8216;Aposento de Moita&#8217;.<\/p>\n<p class=\"v-p\">El colof\u00f3n de la Feria Taurina San Miguel lo protagonizar\u00e1 la corrida a pie de seis astados de la ganader\u00eda de Manuel Calejo Pires, para los diestros Morante de la Puebla, Emilio de Justo y Juan Ortega, que pondr\u00e1n el broche de oro en el festejo que cerrar\u00e1 la plaza en esta edici\u00f3n.<\/p>\n<p>Reporta un error<\/p>\n","protected":false},"excerpt":{"rendered":"S\u00e1bado, 4 de octubre 2025, 11:44 La Feria Taurina San Miguel cuenta con tres festejos durante los d\u00edas&hellip;\n","protected":false},"author":2,"featured_media":156676,"comment_status":"","ping_status":"","sticky":false,"template":"","format":"standard","meta":{"footnotes":""},"categories":[277],"tags":[373,168,25,24,599,3869,4098,3556,2228,23,167,600,374,603],"class_list":{"0":"post-156675","1":"post","2":"type-post","3":"status-publish","4":"format-standard","5":"has-post-thumbnail","7":"category-toreo","8":"tag-bullfighting","9":"tag-deportes","10":"tag-es","11":"tag-espana","12":"tag-feria","13":"tag-festejos","14":"tag-miguel","15":"tag-protagonizan","16":"tag-san","17":"tag-spain","18":"tag-sports","19":"tag-taurina","20":"tag-toreo","21":"tag-tres"},"share_on_mastodon":{"url":"","error":""},"_links":{"self":[{"href":"https:\/\/www.europesays.com\/es\/wp-json\/wp\/v2\/posts\/156675","targetHints":{"allow":["GET"]}}],"collection":[{"href":"https:\/\/www.europesays.com\/es\/wp-json\/wp\/v2\/posts"}],"about":[{"href":"https:\/\/www.europesays.com\/es\/wp-json\/wp\/v2\/types\/post"}],"author":[{"embeddable":true,"href":"https:\/\/www.europesays.com\/es\/wp-json\/wp\/v2\/users\/2"}],"replies":[{"embeddable":true,"href":"https:\/\/www.europesays.com\/es\/wp-json\/wp\/v2\/comments?post=156675"}],"version-history":[{"count":0,"href":"https:\/\/www.europesays.com\/es\/wp-json\/wp\/v2\/posts\/156675\/revisions"}],"wp:featuredmedia":[{"embeddable":true,"href":"https:\/\/www.europesays.com\/es\/wp-json\/wp\/v2\/media\/156676"}],"wp:attachment":[{"href":"https:\/\/www.europesays.com\/es\/wp-json\/wp\/v2\/media?parent=156675"}],"wp:term":[{"taxonomy":"category","embeddable":true,"href":"https:\/\/www.europesays.com\/es\/wp-json\/wp\/v2\/categories?post=156675"},{"taxonomy":"post_tag","embeddable":true,"href":"https:\/\/www.europesays.com\/es\/wp-json\/wp\/v2\/tags?post=156675"}],"curies":[{"name":"wp","href":"https:\/\/api.w.org\/{rel}","templated":true}]}}