{"id":156677,"date":"2025-10-04T15:27:14","date_gmt":"2025-10-04T15:27:14","guid":{"rendered":"https:\/\/www.europesays.com\/es\/156677\/"},"modified":"2025-10-04T15:27:14","modified_gmt":"2025-10-04T15:27:14","slug":"lerone-murphy-el-hombre-que-sobrevivio-a-tres-disparos-que-suena-con-el-titulo-de-ufc-relevo","status":"publish","type":"post","link":"https:\/\/www.europesays.com\/es\/156677\/","title":{"rendered":"Lerone Murphy, el hombre que sobrevivi\u00f3 a tres disparos que sue\u00f1a con el t\u00edtulo de UFC\n| Relevo"},"content":{"rendered":"<p class=\"paragraph\" data-mrf-recirculation=\"Links art\u00edculo\">En el mundo de las <a class=\"link\" data-voc-vtm-id=\"in-text-traffic\" href=\"https:\/\/www.relevo.com\/mma\/\" target=\"_self\" rel=\"nofollow noopener\">artes marciales mixtas<\/a>, hay peleadores que destacan por su t\u00e9cnica, otros por su mentalidad y unos pocos, como <strong>Lerone Murphy<\/strong>, por su historia de supervivencia. Nacido en Manchester en 1991, Murphy es un ejemplo de resiliencia, un hombre que <strong>esquiv\u00f3 la muerte para convertirse en una de las mayores promesas del peso pluma<\/strong> en la <a class=\"link\" data-voc-vtm-id=\"in-text-traffic\" href=\"https:\/\/www.relevo.com\/mma\/ufc\/\" target=\"_self\" rel=\"nofollow noopener\">UFC<\/a>. Su historia no es solo la de un atleta en ascenso, sino la de un guerrero que se ha forjado en la adversidad.<\/p>\n<p class=\"paragraph\" data-mrf-recirculation=\"Links art\u00edculo\"><strong>La infancia de Murphy estuvo marcada por el f\u00fatbol<\/strong>. Desde peque\u00f1o, so\u00f1aba con una carrera profesional, entrenando con equipos como el Stockport County y<strong> realizando pruebas para el Liverpool F.C.<\/strong> Sin embargo, a los 16 a\u00f1os, una grave lesi\u00f3n de rodilla lo alej\u00f3 del deporte que amaba. Con su futuro incierto, comenz\u00f3 a buscar un nuevo camino. Fue en el mundo de las peleas donde encontr\u00f3 su destino, aunque su viaje hacia la jaula estar\u00eda lleno de obst\u00e1culos.<\/p>\n<p class=\"paragraph\" data-mrf-recirculation=\"Links art\u00edculo\"><strong>En 2013, con apenas 21 a\u00f1os, Murphy estuvo al borde de la muerte<\/strong>. Al salir de una barber\u00eda en Manchester, <strong>fue emboscado y recibi\u00f3 tres disparos a quemarropa en la cara y el cuello<\/strong>. Milagrosamente, sobrevivi\u00f3, pero la experiencia dej\u00f3 una marca imborrable en su vida. Durante su recuperaci\u00f3n, encontr\u00f3 en <strong>las artes marciales mixtas una v\u00eda de escape<\/strong>, un prop\u00f3sito que lo ayudar\u00eda a canalizar su dolor y su rabia en algo m\u00e1s grande.<\/p>\n<p class=\"paragraph\" data-mrf-recirculation=\"Links art\u00edculo\"><strong>Murphy debut\u00f3 en las MMA en 2016 y r\u00e1pidamente se hizo un nombre en el circuito brit\u00e1nico<\/strong>. En 2019, conquist\u00f3 el t\u00edtulo de peso pluma de Full Contact Contender (FCC), acumulando un r\u00e9cord invicto que llam\u00f3 la atenci\u00f3n de la UFC. Ese mismo a\u00f1o, hizo su debut en la organizaci\u00f3n m\u00e1s prestigiosa del mundo, enfrentando a Zubaira Tukhugov en UFC 242, un combate que termin\u00f3 en empate dividido, pero que demostr\u00f3 que Murphy estaba listo para el gran escenario.<\/p>\n<p class=\"paragraph\" data-mrf-recirculation=\"Links art\u00edculo\">Desde entonces, <strong>ha seguido sumando victorias, venciendo a rivales de alto calibre como Ricardo Ramos, Douglas Silva de Andrade y, m\u00e1s recientemente, Edson Barboza<\/strong>, a quien derrot\u00f3 en mayo de 2024 en su primer evento estelar. Con un r\u00e9cord de 15-0-1, su ascenso parece imparable.<\/p>\n<p class=\"paragraph\" data-mrf-recirculation=\"Links art\u00edculo\"><strong>El pr\u00f3ximo examen para Murphy ser\u00e1 este s\u00e1bado en el combate estelar del UFC Las Vegas 105.<\/strong> El ingl\u00e9s se enfrentar\u00e1 la prueba m\u00e1s dura de su carrera, <strong>Josh Emmett.<\/strong> El estadounidense, un veterano conocido por su potencia y resistencia. Representa un obst\u00e1culo significativo en su camino al t\u00edtulo. Una victoria lo acercar\u00eda a una oportunidad dorada, mientras que una derrota podr\u00eda retrasar su ascenso. <\/p>\n<p class=\"paragraph\" data-mrf-recirculation=\"Links art\u00edculo\">Emmett, por su parte, suma una victoria en sus tres \u00faltimos combates. <strong>Con 40 a\u00f1os reci\u00e9n cumplidos s\u00f3lo puede ganar si quiere seguir so\u00f1ando<\/strong>. En un duelo de pegadores, todo puede pasar y el futuro es incierto. Murphy debe partir como favorito, pero hay que tener en cuenta que para \u00e9l no es un combate m\u00e1s. Est\u00e1 ante otra prueba de que su historia no es casualidad. Desde las calles de Manchester hasta la cima de la UFC, ha demostrado que los milagros existen, pero que tambi\u00e9n se construyen con esfuerzo, sacrificio y una voluntad inquebrantable.<\/p>\n","protected":false},"excerpt":{"rendered":"En el mundo de las artes marciales mixtas, hay peleadores que destacan por su t\u00e9cnica, otros por su&hellip;\n","protected":false},"author":2,"featured_media":156678,"comment_status":"","ping_status":"","sticky":false,"template":"","format":"standard","meta":{"footnotes":""},"categories":[276],"tags":[168,29591,25,24,366,46855,22838,32321,23,167,5038,2349,603,343],"class_list":{"0":"post-156677","1":"post","2":"type-post","3":"status-publish","4":"format-standard","5":"has-post-thumbnail","7":"category-ufc","8":"tag-deportes","9":"tag-disparos","10":"tag-es","11":"tag-espana","12":"tag-hombre","13":"tag-lerone","14":"tag-murphy","15":"tag-sobrevivio","16":"tag-spain","17":"tag-sports","18":"tag-suena","19":"tag-titulo","20":"tag-tres","21":"tag-ufc"},"share_on_mastodon":{"url":"","error":""},"_links":{"self":[{"href":"https:\/\/www.europesays.com\/es\/wp-json\/wp\/v2\/posts\/156677","targetHints":{"allow":["GET"]}}],"collection":[{"href":"https:\/\/www.europesays.com\/es\/wp-json\/wp\/v2\/posts"}],"about":[{"href":"https:\/\/www.europesays.com\/es\/wp-json\/wp\/v2\/types\/post"}],"author":[{"embeddable":true,"href":"https:\/\/www.europesays.com\/es\/wp-json\/wp\/v2\/users\/2"}],"replies":[{"embeddable":true,"href":"https:\/\/www.europesays.com\/es\/wp-json\/wp\/v2\/comments?post=156677"}],"version-history":[{"count":0,"href":"https:\/\/www.europesays.com\/es\/wp-json\/wp\/v2\/posts\/156677\/revisions"}],"wp:featuredmedia":[{"embeddable":true,"href":"https:\/\/www.europesays.com\/es\/wp-json\/wp\/v2\/media\/156678"}],"wp:attachment":[{"href":"https:\/\/www.europesays.com\/es\/wp-json\/wp\/v2\/media?parent=156677"}],"wp:term":[{"taxonomy":"category","embeddable":true,"href":"https:\/\/www.europesays.com\/es\/wp-json\/wp\/v2\/categories?post=156677"},{"taxonomy":"post_tag","embeddable":true,"href":"https:\/\/www.europesays.com\/es\/wp-json\/wp\/v2\/tags?post=156677"}],"curies":[{"name":"wp","href":"https:\/\/api.w.org\/{rel}","templated":true}]}}