{"id":156679,"date":"2025-10-04T15:30:08","date_gmt":"2025-10-04T15:30:08","guid":{"rendered":"https:\/\/www.europesays.com\/es\/156679\/"},"modified":"2025-10-04T15:30:08","modified_gmt":"2025-10-04T15:30:08","slug":"evenepoel-completa-la-triple-corona-en-contrarreloj-y-se-convierte-en-campeon-de-europa","status":"publish","type":"post","link":"https:\/\/www.europesays.com\/es\/156679\/","title":{"rendered":"Evenepoel completa la triple corona en contrarreloj y se convierte en campe\u00f3n de Europa"},"content":{"rendered":"<p>El ciclista belga <strong>Remco Evenepoel<\/strong> se proclam\u00f3 este mi\u00e9rcoles campe\u00f3n de Europa tras ganar el oro en la contrarreloj \u00e9lite masculina en los campeonatos de Drome-Ard\u00e8che, que se suma al recientemente conseguido en el Campeonato Mundial de Kigali (Ruanda) y al triunfo en los Juegos Ol\u00edmpicos de Par\u00eds 2024.<\/p>\n<p>De esta forma, el belga consigue la <strong>triple corona en contrarreloj<\/strong>, con un tiempo total de 28:26, en una nueva exhibici\u00f3n, en la que termin\u00f3 por delante del italiano <strong>Filippo Ganna <\/strong>y el dan\u00e9s <strong>Niklas Larsen<\/strong>, segundo y tercero, a 43 segundos y 1:08 minutos, respectivamente.<\/p>\n<p>Evenepoel, que tuvo problemas de conexi\u00f3n por radio con el equipo Soudal Quick-Step, dobl\u00f3 al suizo <strong>Stefan K\u00fcng <\/strong>y domin\u00f3 sin oposici\u00f3n una nueva contrarreloj, s\u00f3lo tres d\u00edas despu\u00e9s de la finalizaci\u00f3n de los Mundiales celebrados en Ruanda, en los que, adem\u00e1s de su conquista contra el crono, fue plata en la prueba en ruta por detr\u00e1s del esloveno Tadej Pogacar.<\/p>\n<p>El corredor de 25 a\u00f1os, vigente campe\u00f3n en contrarreloj de B\u00e9lgica, que fue el \u00faltimo corredor en tomar la salida, lo hizo con el maillot arco\u00edris de campe\u00f3n del mundo, conseguido en septiembre pasado.<\/p>\n<p>Por su parte, el espa\u00f1ol <strong>Abel Balderstone<\/strong>, del Caja Rural-Seguros RGA, finaliz\u00f3 en el puesto 27 a 3:27 minutos de la cabeza de la prueba.\u00a0<\/p>\n","protected":false},"excerpt":{"rendered":"El ciclista belga Remco Evenepoel se proclam\u00f3 este mi\u00e9rcoles campe\u00f3n de Europa tras ganar el oro en la&hellip;\n","protected":false},"author":2,"featured_media":156680,"comment_status":"","ping_status":"","sticky":false,"template":"","format":"standard","meta":{"footnotes":""},"categories":[273],"tags":[313,9781,11218,4182,312,168,25,24,2680,23,167,13890],"class_list":{"0":"post-156679","1":"post","2":"type-post","3":"status-publish","4":"format-standard","5":"has-post-thumbnail","7":"category-ciclismo","8":"tag-ciclismo","9":"tag-completa","10":"tag-contrarreloj","11":"tag-corona","12":"tag-cycling","13":"tag-deportes","14":"tag-es","15":"tag-espana","16":"tag-evenepoel","17":"tag-spain","18":"tag-sports","19":"tag-triple"},"share_on_mastodon":{"url":"","error":""},"_links":{"self":[{"href":"https:\/\/www.europesays.com\/es\/wp-json\/wp\/v2\/posts\/156679","targetHints":{"allow":["GET"]}}],"collection":[{"href":"https:\/\/www.europesays.com\/es\/wp-json\/wp\/v2\/posts"}],"about":[{"href":"https:\/\/www.europesays.com\/es\/wp-json\/wp\/v2\/types\/post"}],"author":[{"embeddable":true,"href":"https:\/\/www.europesays.com\/es\/wp-json\/wp\/v2\/users\/2"}],"replies":[{"embeddable":true,"href":"https:\/\/www.europesays.com\/es\/wp-json\/wp\/v2\/comments?post=156679"}],"version-history":[{"count":0,"href":"https:\/\/www.europesays.com\/es\/wp-json\/wp\/v2\/posts\/156679\/revisions"}],"wp:featuredmedia":[{"embeddable":true,"href":"https:\/\/www.europesays.com\/es\/wp-json\/wp\/v2\/media\/156680"}],"wp:attachment":[{"href":"https:\/\/www.europesays.com\/es\/wp-json\/wp\/v2\/media?parent=156679"}],"wp:term":[{"taxonomy":"category","embeddable":true,"href":"https:\/\/www.europesays.com\/es\/wp-json\/wp\/v2\/categories?post=156679"},{"taxonomy":"post_tag","embeddable":true,"href":"https:\/\/www.europesays.com\/es\/wp-json\/wp\/v2\/tags?post=156679"}],"curies":[{"name":"wp","href":"https:\/\/api.w.org\/{rel}","templated":true}]}}