{"id":156683,"date":"2025-10-04T15:33:11","date_gmt":"2025-10-04T15:33:11","guid":{"rendered":"https:\/\/www.europesays.com\/es\/156683\/"},"modified":"2025-10-04T15:33:11","modified_gmt":"2025-10-04T15:33:11","slug":"el-spanish-oporto-es-imparable","status":"publish","type":"post","link":"https:\/\/www.europesays.com\/es\/156683\/","title":{"rendered":"El \u2018spanish\u2019 Oporto es imparable"},"content":{"rendered":"<p class=\"\">El <b>Oporto <\/b>de <b>Francesco Farioli<\/b> viaja a velocidad de r\u00e9cord. Esta noche, ante el <b>Arouca<\/b>, ten\u00edan la oportunidad de continuar con un pleno de victorias y sumar el 7\/7 en la<b> Primeira Liga. Samu, Veiga y Borja Sainz<\/b> arrancaban de inicio y pronto iban a demostrar porqu\u00e9.<\/p>\n<p class=\"\">El partido arranc\u00f3 con un <b>Oporto <\/b>muy bien plantado, <b>Gabri Veiga y Borja Sainz<\/b> fueron los m\u00e1s participativos en los primeros compases. Sin embargo, ser\u00eda el otro espa\u00f1ol, <b>Samu<\/b>, qui\u00e9n pondr\u00eda los Drag\u00f5es por delante en el marcador. El 9 recibi\u00f3 un pase de <b>Froholdt <\/b>dentro del \u00e1rea y remat\u00f3 a placer para abrir la lata en el 15 de juego.<\/p>\n<p><a href=\"https:\/\/as.com\/resultados\/ficha\/equipo\/oporto\/45\/\" rel=\"nofollow noopener\" target=\"_blank\"><img decoding=\"async\" src=\"https:\/\/www.europesays.com\/es\/wp-content\/uploads\/2025\/10\/45.png\" alt=\"El \u2018spanish\u2019 Oporto es imparable\" height=\"80\" width=\"80\"  loading=\"lazy\" data-error-image=\"https:\/\/static.as.com\/dist\/resources\/images\/placeholder-team.png\"\/><\/a><\/p>\n<p class=\"\">Apenas 10 minutos despu\u00e9s del gol de <b>Samu, Pep\u00ea<\/b> se ali\u00f3 con el poste derecho para anotar un gol que anul\u00f3 el <b>VAR <\/b>pocos segundos despu\u00e9s al confirmar el fuera de juego previo. El resto del primer tiempo fue un monologo del <b>Oporto<\/b>, que sigui\u00f3 llamando a la puerta una y otra vez. Bien la zaga del <b>Arouca<\/b>, bien la fortuna, o bien su guardameta, evitaron el gol una tras otra vez y el colegiado se\u00f1al\u00f3 el descanso con victoria parcial por la m\u00ednima de los de <b>Farioli<\/b>.<\/p>\n<p class=\"\">El segundo tiempo empez\u00f3 con una m\u00e1s que mala noticia para el Oporto. <b>Martim Fernandes, <\/b>despu\u00e9s de pasar 44 minutos amonestado, realiz\u00f3 una entrada a destiempo y se march\u00f3 con m\u00e1s de <b>40 minutos<\/b> de partido por delante al ver una <b>segunda amarilla<\/b> muy protestada por jugadores y cuerpo t\u00e9cnico pero que ni siquiera llego a ser revisada por el colegiado de campo.<\/p>\n<p class=\"\">Ante este contratiempo, el <b>Oporto <\/b>no solo supo resistir, sino que sigui\u00f3 con su plan de irse al ataque por el segundo tanto. Ni 3 minutos tuvieron que esperar los aficionados de los Azuis e Brancos para celebrar el gol que trajo tranquilidad al banquillo visitante.<b> Deniz Gul,<\/b> que sali\u00f3 en sustituci\u00f3n de <b>Samu<\/b>, recibi\u00f3 un bal\u00f3n en el \u00e1rea, se revolvi\u00f3 y despu\u00e9s defini\u00f3 a las mil maravillas ante un <b>Valido <\/b>que poco pudo hacer para evitar el tanto.<\/p>\n<p class=\"\">Cumplida la hora de partido y con un 0-2 de garant\u00edas imperando en el marcador,<b> Borja Sainz<\/b> se invent\u00f3 una maravillosa asistencia para <b>Franciso Moura<\/b> y el lateral no perdon\u00f3. Contundente 0-3 a pesar de estar con un jugador menos, haciendo un alarde de fuerza y encarrillando as\u00ed una nueva victoria en el torneo liguero.<\/p>\n<p><img decoding=\"async\" src=\"https:\/\/www.europesays.com\/es\/wp-content\/uploads\/2025\/10\/DKESPP7UHVKVVF5JE2SWTDCPVM.jpg\" alt=\"El \u2018spanish\u2019 Oporto es imparable\" height=\"3311\" width=\"4967\"   loading=\"lazy\"\/>ESTELA SILVA<\/p>\n<p class=\"\">Los \u00faltimos minutos fueron un pacto de no agresi\u00f3n, hasta que en el 85, <b>Zaidu <\/b>decidi\u00f3 que era el momento de romperlo. Tras una jugada llena de rebotes y de errores acumulados a causa del cansancio, el nigeriano se coloc\u00f3 en el lugar exacto para<b> empujar a cent\u00edmetros<\/b> de la porter\u00eda un buen pase servido por<b> Alberto Costa.<\/b><\/p>\n<p>Noticias relacionadas<a href=\"https:\/\/as.com\/futbol\/internacional\/william-gomes-hace-de-samu-n\/\" class=\"s_m_w\" title=\"El Oporto se impone al Salzburgo gracias a un gol en el 94\u2032 del delantero brasile\u00f1o. Samu, Gabri Veiga y Borja Sainz fueron titulares, pero no estuvieron finos.  \" data-tb-link=\"\" rel=\"nofollow noopener\" target=\"_blank\"><img decoding=\"async\" src=\"https:\/\/www.europesays.com\/es\/wp-content\/uploads\/2025\/10\/4LFPV2QQAVI3DC6XOWSQFSDKCY.jpg\" alt=\"William Gomes hace de Samu\" class=\"\" height=\"1\" width=\"1\"   loading=\"lazy\" data-tb-thumbnail=\"\"\/><\/a><a href=\"https:\/\/as.com\/futbol\/internacional\/samu-ha-vuelto-a-lo-grande-n\/\" class=\"s_m_w\" title=\"Segundo gol del delantero espa\u00f1ol desde que se recuperase de la lesi\u00f3n que le impidi\u00f3 ir con la Selecci\u00f3n. Gabri Veiga marc\u00f3 y dio dos asistencias.\" data-tb-link=\"\" rel=\"nofollow noopener\" target=\"_blank\"><img decoding=\"async\" src=\"https:\/\/www.europesays.com\/es\/wp-content\/uploads\/2025\/10\/2W6HMCSWPZMSLGWVBLRJM3LJJA.jpg\" alt=\"Samu ha vuelto a lo grande\" class=\"\" height=\"1\" width=\"1\"   loading=\"lazy\" data-tb-thumbnail=\"\"\/><\/a><\/p>\n<p class=\"\">Tras el cuarto y el \u00faltimo, solo quedo aguardar al pitido final del \u00e1rbitro. El <b>Oporto<\/b>, Pese a las complicaciones, venci\u00f3 y convenci\u00f3 con protagonismo espa\u00f1ol a cargo de <b>Samu, Borja Sainz y Gabri Veiga. <\/b>De esta manera, los de <b>Farioli <\/b>cuentan sus partidos por victorias y se sit\u00faan como l\u00edderes en solitario de la<b> Primeira Liga.<\/b><\/p>\n<p class=\"\"><b>\u00a1Tus opiniones importan!<\/b> Comenta en los art\u00edculos y suscr\u00edbete gratis a nuestra <a href=\"https:\/\/asfan.as.com\/newsletters\/\" target=\"_blank\" rel=\"nofollow noopener\" title=\"https:\/\/asfan.as.com\/newsletters\/\">newsletter<\/a> y a las alertas informativas en la <a href=\"https:\/\/as.com\/aplicacion-de-as-n\/\" target=\"_blank\" rel=\"nofollow noopener\" title=\"https:\/\/as.com\/aplicacion-de-as-n\/\">App<\/a> o el canal de <a href=\"https:\/\/www.whatsapp.com\/channel\/0029VaAasdA7j6g745nz9M10\" target=\"_blank\" rel=\"nofollow noopener\" title=\"https:\/\/www.whatsapp.com\/channel\/0029VaAasdA7j6g745nz9M10\">WhatsApp<\/a>. \u00bfBuscas licenciar contenido? Haz clic <a href=\"https:\/\/profesional.elpais.com\/landing-sindicacion?utm_medium=interno&amp;utm_source=crosslinking&amp;utm_campaign=sindicacion_as_pie_articulos\" target=\"_blank\" rel=\"nofollow noopener\" title=\"https:\/\/profesional.elpais.com\/landing-sindicacion?utm_medium=interno&amp;utm_source=crosslinking&amp;utm_campaign=sindicacion_as_pie_articulos\">aqu\u00ed<\/a><\/p>\n<p class=\"stat-tl ev-fw-tl\"><strong>Cambios<\/strong><\/p>\n<p class=\"ev-text-aux\">\n                            <strong>Deniz G\u00fcl<\/strong> (45&#8242;, Samu Aghehowa),                             <strong>Pablo Rosario<\/strong> (50&#8242;, Gabri Veiga),                             <strong>Brian Mansilla<\/strong> (55&#8242;, Alfonso Trezza),                             <strong>Miguel Puche<\/strong> (64&#8242;, Pablo Goz\u00e1lbez),                             <strong>Dylan Nand\u00edn<\/strong> (64&#8242;, Na\u00efs Djouahra),                             <strong>Zaidu Sanusi<\/strong> (68&#8242;, Francisco Moura),                             <strong>Alberto Costa<\/strong> (68&#8242;, Pep\u00ea),                             <strong>Dominik Prpic<\/strong> (68&#8242;, Borja Sainz),                             <strong>Romualdas Jansonas<\/strong> (78&#8242;, Barbero),                             <strong>Espen van Ee<\/strong> (78&#8242;, David Sim\u00e3o)                        <\/p>\n<p class=\"stat-tl ev-fw-tl\"><strong>Goles<\/strong><\/p>\n<p class=\"ev-text-aux\">\n                                                                                                        0-1, 11&#8242;: <strong>Samu Aghehowa<\/strong>,                                                                                 0-2, 50&#8242;: <strong>Deniz G\u00fcl<\/strong>,                                                                                 0-3, 59&#8242;: <strong>Francisco Moura<\/strong>,                                                                                 0-4, 84&#8242;: <strong>Zaidu Sanusi<\/strong>                        <\/p>\n<p class=\"stat-tl ev-fw-tl\"><strong>Tarjetas<\/strong><\/p>\n<p class=\"ev-text-aux\">\n                Arbitro: F\u00e1bio Jos\u00e9 Costa Ver\u00edssimo<br \/>Arbitro VAR: Rui Manuel Gomes da Costa, Joao Eiras<br \/><strong>Alfonso Trezza<\/strong> (2&#8242;,Amarilla),                                     <strong>Martim Fernandes<\/strong> (5&#8242;,Amarilla),                                     <strong>Boris Popovic<\/strong> (32&#8242;,Amarilla),                                     <strong>Martim Fernandes<\/strong> (47&#8242;,Roja),                                     <strong>Deniz G\u00fcl<\/strong> (62&#8242;,Amarilla),                                     <strong>Gozalbez Gilabert<\/strong> (63&#8242;,Amarilla),                                     <strong>David Simao<\/strong> (68&#8242;,Amarilla),                                     <strong>Tiago Esgaio<\/strong> (73&#8242;,Amarilla)                            <\/p>\n","protected":false},"excerpt":{"rendered":"El Oporto de Francesco Farioli viaja a velocidad de r\u00e9cord. Esta noche, ante el Arouca, ten\u00edan la oportunidad&hellip;\n","protected":false},"author":2,"featured_media":156684,"comment_status":"","ping_status":"","sticky":false,"template":"","format":"standard","meta":{"footnotes":""},"categories":[268],"tags":[168,25,24,280,282,281,23,167],"class_list":{"0":"post-156683","1":"post","2":"type-post","3":"status-publish","4":"format-standard","5":"has-post-thumbnail","7":"category-futbol","8":"tag-deportes","9":"tag-es","10":"tag-espana","11":"tag-football","12":"tag-futbol","13":"tag-soccer","14":"tag-spain","15":"tag-sports"},"share_on_mastodon":{"url":"","error":""},"_links":{"self":[{"href":"https:\/\/www.europesays.com\/es\/wp-json\/wp\/v2\/posts\/156683","targetHints":{"allow":["GET"]}}],"collection":[{"href":"https:\/\/www.europesays.com\/es\/wp-json\/wp\/v2\/posts"}],"about":[{"href":"https:\/\/www.europesays.com\/es\/wp-json\/wp\/v2\/types\/post"}],"author":[{"embeddable":true,"href":"https:\/\/www.europesays.com\/es\/wp-json\/wp\/v2\/users\/2"}],"replies":[{"embeddable":true,"href":"https:\/\/www.europesays.com\/es\/wp-json\/wp\/v2\/comments?post=156683"}],"version-history":[{"count":0,"href":"https:\/\/www.europesays.com\/es\/wp-json\/wp\/v2\/posts\/156683\/revisions"}],"wp:featuredmedia":[{"embeddable":true,"href":"https:\/\/www.europesays.com\/es\/wp-json\/wp\/v2\/media\/156684"}],"wp:attachment":[{"href":"https:\/\/www.europesays.com\/es\/wp-json\/wp\/v2\/media?parent=156683"}],"wp:term":[{"taxonomy":"category","embeddable":true,"href":"https:\/\/www.europesays.com\/es\/wp-json\/wp\/v2\/categories?post=156683"},{"taxonomy":"post_tag","embeddable":true,"href":"https:\/\/www.europesays.com\/es\/wp-json\/wp\/v2\/tags?post=156683"}],"curies":[{"name":"wp","href":"https:\/\/api.w.org\/{rel}","templated":true}]}}