{"id":156685,"date":"2025-10-04T15:34:12","date_gmt":"2025-10-04T15:34:12","guid":{"rendered":"https:\/\/www.europesays.com\/es\/156685\/"},"modified":"2025-10-04T15:34:12","modified_gmt":"2025-10-04T15:34:12","slug":"se-quedaban-hasta-las-tantas-de-la-madrugada","status":"publish","type":"post","link":"https:\/\/www.europesays.com\/es\/156685\/","title":{"rendered":"Se quedaban hasta las tantas de la madrugada"},"content":{"rendered":"<p class=\"paragraph\">El pr\u00f3ximo 6 de octubre se cumplir\u00e1n siete a\u00f1os de la muerte de Montserrat Caball\u00e9. Por este motivo, su hija, la tambi\u00e9n cantante Montserrat Mart\u00ed, <a href=\"https:\/\/www.heraldo.es\/noticias\/ocio-y-cultura\/2025\/09\/26\/dura-confesion-loquillo-sonsoles-onega-drogas-agujas-1856953.html\" title=\"La dura confesi\u00f3n de Loquillo a Sonsoles \u00d3nega: &quot;Me salv\u00e9 por mi miedo a las agujas, pero muchos no sobrevivieron&quot;\" rel=\"nofollow noopener\" target=\"_blank\">acudi\u00f3 este lunes al programa &#8216;Y ahora Sonsoles&#8217; de Antena 3 <\/a>con el objetivo de<b> recordar la figura de su madre.<\/b> Una conversaci\u00f3n que dio mucho de s\u00ed.\u00a0<\/p>\n<p class=\"paragraph\">Uno de los cap\u00edtulos m\u00e1s interesantes fue cuando relat\u00f3 la amistad surgida entre Freddie Mercury y Montserrat Caball\u00e9 a consecuencia de la canci\u00f3n &#8216;Barcelona&#8217; que interpretaron juntos. Fue el punto de partida de <b>una intensa relaci\u00f3n <\/b>que termin\u00f3 con la muerte del brit\u00e1nico en noviembre de 1991.\u00a0<\/p>\n<p class=\"paragraph\">As\u00ed comenz\u00f3 su intervenci\u00f3n: \u00abTuvieron una amistad muy bonita. Lo pasaron pipa.<b> \u00c9l ya le advirti\u00f3 a mi madre de que ten\u00eda sida<\/b> y de que no llegar\u00eda a las Olimpiadas para cantar su canci\u00f3n. En sus \u00faltimos d\u00edas de vida Freddie pidi\u00f3 escuchar la &#8216;Aria del Trobador&#8217; cantada por mam\u00e1. Fue una fiesta para ellos conocerse\u00bb.\u00a0<\/p>\n<p class=\"paragraph\">Dos mundos tan aparentemente alejados, como la \u00f3pera y el rock, confluyeron para deleite de los dos protagonistas.<b> \u00ab\u00c9l conoci\u00f3 a su \u00eddolo y mi madre se divirti\u00f3 como una ni\u00f1a con zapatos nuevos. <\/b>Se quedaban hasta las tantas de la madrugada juntos. Le preguntaron a mi madre que qu\u00e9 hac\u00eda hasta tan tarde en casa de Freddie Mercury y dijo: De todo menos lo que usted se imagina\u00bb, asever\u00f3 Montserrat Mart\u00ed.\u00a0<\/p>\n<p class=\"paragraph\">La hija de la soprano tambi\u00e9n se retrotray\u00f3 a los primeros contactos para que su mam\u00e1 colaborara con el cantante ingl\u00e9s: \u00abYo ten\u00eda 16 a\u00f1os cuando mi madre me dijo que le hab\u00edan ofrecido cantar con el cantante de Queen.<b> Le dije que no lo ve\u00eda porque lo primero que me vino a la mente fue Freddie Mercury vestido de mujer en un videoclip. <\/b>Pero mi madre me dijo que hablaban el mismo idioma, el de la m\u00fasica. Fue fant\u00e1stico\u00bb.\u00a0<\/p>\n<p class=\"paragraph\">Finalmente, Montserrat Mart\u00ed abroch\u00f3 el relato: \u00abEra un caballero, con mucho respeto hacia ella. Hac\u00edan una gran pareja art\u00edstica. Mi madre se encontr\u00f3 a todo un se\u00f1or y Freddie le dijo a mi madre que era una estrella del rock. <b>\u00c9l la llamaba Montsi. <\/b>Eran dos criaturas disfrutando.\u00a0Mi madre sinti\u00f3 mucho la muerte de Freddie. Tambi\u00e9n llor\u00f3 mucho con la muerte de Pavarotti. Compartes sentimientos muy intensos con la m\u00fasica. Son cosas que te unen mucho\u00bb.<\/p>\n","protected":false},"excerpt":{"rendered":"El pr\u00f3ximo 6 de octubre se cumplir\u00e1n siete a\u00f1os de la muerte de Montserrat Caball\u00e9. Por este motivo,&hellip;\n","protected":false},"author":2,"featured_media":156686,"comment_status":"","ping_status":"","sticky":false,"template":"","format":"standard","meta":{"footnotes":""},"categories":[174],"tags":[255,146,147,25,24,256,19730,45988,2056,23],"class_list":{"0":"post-156685","1":"post","2":"type-post","3":"status-publish","4":"format-standard","5":"has-post-thumbnail","7":"category-famosos","8":"tag-celebrities","9":"tag-entertainment","10":"tag-entretenimiento","11":"tag-es","12":"tag-espana","13":"tag-famosos","14":"tag-freddie-mercury","15":"tag-montserrat-caballe","16":"tag-sonsoles-onega","17":"tag-spain"},"share_on_mastodon":{"url":"","error":""},"_links":{"self":[{"href":"https:\/\/www.europesays.com\/es\/wp-json\/wp\/v2\/posts\/156685","targetHints":{"allow":["GET"]}}],"collection":[{"href":"https:\/\/www.europesays.com\/es\/wp-json\/wp\/v2\/posts"}],"about":[{"href":"https:\/\/www.europesays.com\/es\/wp-json\/wp\/v2\/types\/post"}],"author":[{"embeddable":true,"href":"https:\/\/www.europesays.com\/es\/wp-json\/wp\/v2\/users\/2"}],"replies":[{"embeddable":true,"href":"https:\/\/www.europesays.com\/es\/wp-json\/wp\/v2\/comments?post=156685"}],"version-history":[{"count":0,"href":"https:\/\/www.europesays.com\/es\/wp-json\/wp\/v2\/posts\/156685\/revisions"}],"wp:featuredmedia":[{"embeddable":true,"href":"https:\/\/www.europesays.com\/es\/wp-json\/wp\/v2\/media\/156686"}],"wp:attachment":[{"href":"https:\/\/www.europesays.com\/es\/wp-json\/wp\/v2\/media?parent=156685"}],"wp:term":[{"taxonomy":"category","embeddable":true,"href":"https:\/\/www.europesays.com\/es\/wp-json\/wp\/v2\/categories?post=156685"},{"taxonomy":"post_tag","embeddable":true,"href":"https:\/\/www.europesays.com\/es\/wp-json\/wp\/v2\/tags?post=156685"}],"curies":[{"name":"wp","href":"https:\/\/api.w.org\/{rel}","templated":true}]}}