{"id":156689,"date":"2025-10-04T15:40:07","date_gmt":"2025-10-04T15:40:07","guid":{"rendered":"https:\/\/www.europesays.com\/es\/156689\/"},"modified":"2025-10-04T15:40:07","modified_gmt":"2025-10-04T15:40:07","slug":"jannik-sinner-venga-derrota-en-roland-garros-hace-dos-anos-ante-daniel-altmaier-con-triunfo-en-china","status":"publish","type":"post","link":"https:\/\/www.europesays.com\/es\/156689\/","title":{"rendered":"Jannik Sinner venga derrota en Roland Garros hace dos a\u00f1os ante Daniel Altmaier con triunfo en China"},"content":{"rendered":"<p>SHANGH\u00c1I (AP) \u2014 Jannik Sinner comenz\u00f3 de manera s\u00f3lida la defensa de su t\u00edtulo en el Masters de Shangh\u00e1i, venciendo por el s\u00e1bado por 6-3, 6-3 a Daniel Altmaier para vengar la derrota de hace dos a\u00f1os en el Abierto de Francia.<\/p>\n<p>La victoria extendi\u00f3 la racha ganadora de Sinner, clasificado en segundo lugar del mundo, a seis partidos tras su t\u00edtulo en el Abierto de China en Beijing el mi\u00e9rcoles.<\/p>\n<p>\u201cSab\u00eda antes del partido que hoy iba a ser muy dif\u00edcil. No tuve mucho tiempo para adaptarme aqu\u00ed. Pero eso lo hace a\u00fan m\u00e1s especial\u201d, indic\u00f3 Sinner.<\/p>\n<p>Sinner no hab\u00eda jugado contra Altmaier desde que el alem\u00e1n lo venci\u00f3 en cinco sets en la segunda ronda de Roland Garros en 2023, cuando Sinner desperdici\u00f3 dos puntos de partido.<\/p>\n<p>El oponente de Sinner en la tercera ronda ser\u00e1 Tallon Griekspoor, a quien lidera 6-0 en enfrentamientos directos.<\/p>\n<p>El n\u00famero uno del mundo, Carlos Alcaraz, se retir\u00f3 de Shangh\u00e1i debido a una lesi\u00f3n en el tobillo izquierdo.<\/p>\n<p>\u201cTodo es diferente. Es mucho m\u00e1s h\u00famedo y puede sentirse mucho m\u00e1s f\u00edsico aqu\u00ed\u201d, afirm\u00f3 Sinner cuando se le pregunt\u00f3 sobre la adaptaci\u00f3n de Beijing a Shangh\u00e1i. \u201cIntent\u00e9 descansar. Pero es dif\u00edcil despu\u00e9s de ganar un t\u00edtulo. Tienes que tener un gran equilibrio de pr\u00e1ctica. Obviamente, ahora la prioridad es sentirme lo mejor posible f\u00edsicamente para el pr\u00f3ximo\u201d.<\/p>\n<p>De Minaur y Auger Aliassime avanzan<\/p>\n<p>Alex de Minaur (7) avanz\u00f3 con una victoria de 6-4, 6-2 sobre el argentino Camilo Ugo Carabelli despu\u00e9s de caer ante Sinner en las semifinales de Beijing.<\/p>\n<p>En otros partidos tempranos, Daniil Medvedev aplast\u00f3 6-1, 6-1 al clasificado Dalibor Svrcina; Yoshihito Nishioka sorprendi\u00f3 por 2-6, 6-1, 6-4 Andrey Rublev (13); Felix Auger Aliassime (12) venci\u00f3 6-3, 6-3 al chileno Alejandro Tabilo; y Kamil Majchrzak derrot\u00f3 6-4, 6-0 a Brandon Nakashima.<\/p>\n<p>Los jugadores mejor clasificados recibieron pases directos a la segunda ronda.<\/p>\n<p>___<\/p>\n<p>Deportes AP: <a class=\"Link AnClick-LinkEnhancement\" data-gtm-enhancement-style=\"LinkEnhancementA\" href=\"https:\/\/apnews.com\/hub\/deportes\" rel=\"nofollow noopener\" target=\"_blank\">https:\/\/apnews.com\/hub\/deportes<\/a><\/p>\n","protected":false},"excerpt":{"rendered":"SHANGH\u00c1I (AP) \u2014 Jannik Sinner comenz\u00f3 de manera s\u00f3lida la defensa de su t\u00edtulo en el Masters de&hellip;\n","protected":false},"author":2,"featured_media":156690,"comment_status":"","ping_status":"","sticky":false,"template":"","format":"standard","meta":{"footnotes":""},"categories":[93],"tags":[168,25,24,23,167],"class_list":{"0":"post-156689","1":"post","2":"type-post","3":"status-publish","4":"format-standard","5":"has-post-thumbnail","7":"category-deportes","8":"tag-deportes","9":"tag-es","10":"tag-espana","11":"tag-spain","12":"tag-sports"},"share_on_mastodon":{"url":"","error":""},"_links":{"self":[{"href":"https:\/\/www.europesays.com\/es\/wp-json\/wp\/v2\/posts\/156689","targetHints":{"allow":["GET"]}}],"collection":[{"href":"https:\/\/www.europesays.com\/es\/wp-json\/wp\/v2\/posts"}],"about":[{"href":"https:\/\/www.europesays.com\/es\/wp-json\/wp\/v2\/types\/post"}],"author":[{"embeddable":true,"href":"https:\/\/www.europesays.com\/es\/wp-json\/wp\/v2\/users\/2"}],"replies":[{"embeddable":true,"href":"https:\/\/www.europesays.com\/es\/wp-json\/wp\/v2\/comments?post=156689"}],"version-history":[{"count":0,"href":"https:\/\/www.europesays.com\/es\/wp-json\/wp\/v2\/posts\/156689\/revisions"}],"wp:featuredmedia":[{"embeddable":true,"href":"https:\/\/www.europesays.com\/es\/wp-json\/wp\/v2\/media\/156690"}],"wp:attachment":[{"href":"https:\/\/www.europesays.com\/es\/wp-json\/wp\/v2\/media?parent=156689"}],"wp:term":[{"taxonomy":"category","embeddable":true,"href":"https:\/\/www.europesays.com\/es\/wp-json\/wp\/v2\/categories?post=156689"},{"taxonomy":"post_tag","embeddable":true,"href":"https:\/\/www.europesays.com\/es\/wp-json\/wp\/v2\/tags?post=156689"}],"curies":[{"name":"wp","href":"https:\/\/api.w.org\/{rel}","templated":true}]}}