{"id":15669,"date":"2025-07-31T06:18:07","date_gmt":"2025-07-31T06:18:07","guid":{"rendered":"https:\/\/www.europesays.com\/es\/15669\/"},"modified":"2025-07-31T06:18:07","modified_gmt":"2025-07-31T06:18:07","slug":"el-sporting-y-el-logrono-preparan-un-verano-movido","status":"publish","type":"post","link":"https:\/\/www.europesays.com\/es\/15669\/","title":{"rendered":"El Sporting y el Logro\u00f1o preparan un verano movido"},"content":{"rendered":"<p>Despu\u00e9s de m\u00e1s de dos meses de sequ\u00eda, el balonmano de \u00e9lite de La Rioja ha arrancado sus motores esta semana. Porque tanto el Ciudad  &#8230; de Logro\u00f1o como el Grafometal Sporting La Rioja iniciaron sus respectivas pretemporada el lunes por la tarde. En primer t\u00e9rmino fueron los chicos; posteriormente las de Luismi Ascorbe, que se encuentra en tierras montenegrinas con la selecci\u00f3n espa\u00f1ola Juvenil, que debut\u00f3 en el Europeo con empate frente a Dinamarca (28-28).<\/p>\n<p class=\"v-p\">Mientras afinan franjivinos y verdeamarillas afinan el f\u00edsico, potencian cargas y desempolvan el cuaderno de t\u00e1cticas, los primeros amistosos aparecen en el horizonte. En concreto, tanto el Sporting como el Ciudad de Logro\u00f1o disputar\u00e1n cinco encuentros preparativos este verano, respectivamente.<\/p>\n<p class=\"v-p\">El primero en salir a escena ser\u00e1 el conjunto femenino, que viajar\u00e1 el pr\u00f3ximo viernes 8 de agosto a Medina del R\u00edo Seco, a 40 kil\u00f3metros de Valladolid, donde el Grafometal se medir\u00e1 al Caja Rural Aula Cultural pucelano, octavo en la liga regular el a\u00f1o pasado y que cay\u00f3 en cuartos de final ajustadamente contra el Atl\u00e9tico Guard\u00e9s en el &#8216;play off&#8217; por el t\u00edtulo.<\/p>\n<p class=\"v-p\">El domingo 10 de agosto iniciar\u00e1 su ronda de amistosos el Ciudad de Logro\u00f1o, que recibir\u00e1 en el Palacio, a las 12.30 horas, al Toyoda Gosei, conjunto japon\u00e9s donde el exjugador franjivino V\u00edctor Hugo L\u00f3pez termin\u00f3 su carrera.<\/p>\n<p class=\"v-p\">Unos d\u00edas despu\u00e9s, el 12 y 13 de agosto, el Grafometal acudir\u00e1 al tradicional Torneo de Egia, que este a\u00f1o cumple tres d\u00e9cadas de vida. Las riojanas se enfrentar\u00e1n en el primer encuentro al campe\u00f3n de liga, el Bera Bera donostiarra. Al d\u00eda siguiente jugar\u00e1n frente al Beti Onak, que el curso pasado acab\u00f3 en la codiciada novena plaza evitando as\u00ed disputar el &#8216;play down&#8217;.<\/p>\n<p class=\"v-p\">Al d\u00eda siguiente, el 14, el Ciudad de Logro\u00f1o se medir\u00e1 al Nava, conjunto entrenado por quien fuera segundo entrenador de Jota Gonz\u00e1lez, \u00c1lvaro Senovilla. Unos d\u00edas despu\u00e9s, el domingo 17, el Aula Cultural devolver\u00e1 visita al Sporting; el 20 de agosto ser\u00e1 el Beti Onak el que visite el Palacio de los Deportes para medirse a las verdeamarillas.<\/p>\n<p class=\"v-p\">El 22 y 23 de agosto ser\u00e1 el Ciudad de Logro\u00f1o el que acuda a Egia. En primer t\u00e9rmino, los riojanos se ver\u00e1n las caras con el Limoges franc\u00e9s, equipo en el que juega el central Jon Azkue, el lateral zurdo exGranollers Faruk Yusuf y Arnau Garc\u00eda. Al d\u00eda siguiente, dependiendo de los resultados, los de Miguel \u00c1ngel Velasco podr\u00edan enfrentarse al Bidasoa o al Cesson Rennes M\u00e9tropole, que esta temporada ha fichado a Asier Nieto y al valenciano Josep Folques.<\/p>\n<p class=\"v-p\">Los franjivino cerrar\u00e1n su ronda de amistosos el viernes 29 de agosto enfrent\u00e1ndose al Burgos, de Divisi\u00f3n Plata. El conjunto burgal\u00e9s, del que este a\u00f1o se despidi\u00f3 el riojano Ernesto L\u00f3pez, cuenta con el exCalasancio Javi Espinosa y al exfranjivino Tom\u00e1s Moreira entre sus filas.<\/p>\n<p class=\"v-p\">Tras su aventura estival, el Grafometal debutar\u00e1 en liga el s\u00e1bado 30 de agosto. Las de Ascorbe recibir\u00e1n al Atticgo Elche en el Palacio de los Deportes a las 19.00 horas. Los franjivino iniciar\u00e1n su liga dos semanas despu\u00e9s, el s\u00e1bado 13 de septiembre, tambi\u00e9n en casa, ante el Balonmano Guadalajara.<\/p>\n<p>Juanjo Acobi regresa al organigrama del Ciudad de Logro\u00f1o<\/p>\n<p class=\"v-p\">\nEl que fuera &#8216;Community Manager&#8217; del Ciudad de Logro\u00f1o, Juanjo Acobi, regresa al organigrama del club riojano. As\u00ed fue anunciado por las redes sociales de la entidad franjivina, que recupera al responsable de darle un vuelco importante a la pol\u00edtica comunicativa del club riojano. Juanjo Acobi (Logro\u00f1o, 31 de agosto de 1989) comenz\u00f3 a trabajar antes de la pandemia con las redes del club; tambi\u00e9n colabor\u00f3 con el desaparecido CD Promete, el Grafometal Sporting La Rioja, el Clavijo y la Federaci\u00f3n Riojana de Balonmano, entre otros. Ahora regresa unos a\u00f1os despu\u00e9s a la que fue su casa.<\/p>\n","protected":false},"excerpt":{"rendered":"Despu\u00e9s de m\u00e1s de dos meses de sequ\u00eda, el balonmano de \u00e9lite de La Rioja ha arrancado sus&hellip;\n","protected":false},"author":2,"featured_media":15670,"comment_status":"","ping_status":"","sticky":false,"template":"","format":"standard","meta":{"footnotes":""},"categories":[278],"tags":[376,168,25,24,375,6173,10353,10352,23,4782,167,1793],"class_list":{"0":"post-15669","1":"post","2":"type-post","3":"status-publish","4":"format-standard","5":"has-post-thumbnail","7":"category-balonmano","8":"tag-balonmano","9":"tag-deportes","10":"tag-es","11":"tag-espana","12":"tag-handball","13":"tag-logrono","14":"tag-movido","15":"tag-preparan","16":"tag-spain","17":"tag-sporting","18":"tag-sports","19":"tag-verano"},"share_on_mastodon":{"url":"","error":""},"_links":{"self":[{"href":"https:\/\/www.europesays.com\/es\/wp-json\/wp\/v2\/posts\/15669","targetHints":{"allow":["GET"]}}],"collection":[{"href":"https:\/\/www.europesays.com\/es\/wp-json\/wp\/v2\/posts"}],"about":[{"href":"https:\/\/www.europesays.com\/es\/wp-json\/wp\/v2\/types\/post"}],"author":[{"embeddable":true,"href":"https:\/\/www.europesays.com\/es\/wp-json\/wp\/v2\/users\/2"}],"replies":[{"embeddable":true,"href":"https:\/\/www.europesays.com\/es\/wp-json\/wp\/v2\/comments?post=15669"}],"version-history":[{"count":0,"href":"https:\/\/www.europesays.com\/es\/wp-json\/wp\/v2\/posts\/15669\/revisions"}],"wp:featuredmedia":[{"embeddable":true,"href":"https:\/\/www.europesays.com\/es\/wp-json\/wp\/v2\/media\/15670"}],"wp:attachment":[{"href":"https:\/\/www.europesays.com\/es\/wp-json\/wp\/v2\/media?parent=15669"}],"wp:term":[{"taxonomy":"category","embeddable":true,"href":"https:\/\/www.europesays.com\/es\/wp-json\/wp\/v2\/categories?post=15669"},{"taxonomy":"post_tag","embeddable":true,"href":"https:\/\/www.europesays.com\/es\/wp-json\/wp\/v2\/tags?post=15669"}],"curies":[{"name":"wp","href":"https:\/\/api.w.org\/{rel}","templated":true}]}}