{"id":156696,"date":"2025-10-04T15:44:08","date_gmt":"2025-10-04T15:44:08","guid":{"rendered":"https:\/\/www.europesays.com\/es\/156696\/"},"modified":"2025-10-04T15:44:08","modified_gmt":"2025-10-04T15:44:08","slug":"la-belga-sonaca-entra-en-aciturri-para-crear-un-gigante-de-la-construccion-aeronautica","status":"publish","type":"post","link":"https:\/\/www.europesays.com\/es\/156696\/","title":{"rendered":"La belga Sonaca entra en Aciturri para crear un gigante de la construcci\u00f3n aeron\u00e1utica"},"content":{"rendered":"<p style=\"\">El grupo Sonaca ha adquirido el 51% del negocio de estructuras aeron\u00e1uticas de Aciturri  dando lugar a un nuevo gigante industrial con presencia en siete pa\u00edses. Con esta colaboraci\u00f3n, ambas empresas <strong>pretenden ganar m\u00fasculo<\/strong><strong> en pleno boom del sector, revolucionado con los planes de <\/strong> &#8230; <strong>rearme en Europa. <\/strong><\/p>\n<p class=\"voc-p\" style=\"\">Este es el \u00faltimo paso de una operaci\u00f3n que se empez\u00f3 a gestar hace un a\u00f1o y que culmina con la firma de esa alianza de dos empresas complementarias. Aciturri es un referente en la fabricaci\u00f3n de materiales compuestos para aviones y es proveedor de primer nivel, lo que se conoce como &#8216;tier 1&#8217;, de Boeing, Embraer o Airbus entre otros. De hecho, la compa\u00f1\u00eda suministra estructuras complejas para programas como el A320 y tambi\u00e9n fabrica componentes para motores de aviones. <\/p>\n<p class=\"voc-p\" style=\"\">Aciturri tiene una amplia presencia en Andaluc\u00eda con cinco centros productivos, tres de ellos situados en la provincia de Sevilla <strong>(Aer\u00f3polis, Alcal\u00e1 de Guada\u00edra y el aeropuerto de San Pablo)<\/strong> y dos en la de C\u00e1diz<strong> (Puerto Real y el Puerto de Santa Mar\u00eda)<\/strong>. Esta expansi\u00f3n se concluy\u00f3 hace dos a\u00f1os con la adquisici\u00f3n completa de la aeron\u00e1utica Alestis.<\/p>\n<p class=\"voc-p\" style=\"\">Por su lado, Sonaca est\u00e1 especializado en estructuras met\u00e1licas y en la integraci\u00f3n de sistemas para los aviones del futuro. La compa\u00f1\u00eda belga presta servicio a los principales constructores aeron\u00e1uticos en los mercados de la aeron\u00e1utica civil, de defensa y del espacio. Con una facturaci\u00f3n de setecientos millones de euros en 2024, tiene presencia en seis pa\u00edses y da trabajo a 3.700 personas.<strong> La facturaci\u00f3n conjunta de ambos alcanzar\u00e1 los 1.200 millones este a\u00f1o. <\/strong><\/p>\n<p class=\"voc-p\" style=\"\">Entre los objetivos marcados en la firma de esta colaboraci\u00f3n est\u00e1 acelerar la descarbonizaci\u00f3n de la aviaci\u00f3n civil mediante el uso de tecnolog\u00edas m\u00e1s eficientes, reforzar la seguridad y la autonom\u00eda estrat\u00e9gica de la defensa europea e impulsar la competitividad industrial mediante el establecimiento de una red comercial global y una s\u00f3lida base tecnol\u00f3gica.<\/p>\n<p class=\"voc-p\" style=\"\">Esta alianza responde a una estrategia de crecimiento tanto en el sector de la aviaci\u00f3n civil como en el de defensa. Los contratos a largo plazo con clientes clave aportan una visibilidad excepcional para los pr\u00f3ximos ocho a\u00f1os, lo que generar\u00e1 nuevas oportunidades de empleo y de mejora de competencias en B\u00e9lgica y Espa\u00f1a.<\/p>\n<p class=\"voc-p\" style=\"\"><strong>Yves Delatte,<\/strong> consejero delegado del Grupo Sonaca, ha subrayado que \u00abesta alianza estrat\u00e9gica implica la creaci\u00f3n de un nuevo centro de gravedad en la industria aeron\u00e1utica europea. Se trata de una apuesta de futuro con un objetivo claro: convertirnos en referentes en el desarrollo y la producci\u00f3n de los aviones del ma\u00f1ana, m\u00e1s respetuosos con el medioambiente\u00bb. Igualmente destaca que esta estrategia no habr\u00eda sido posible sin el apoyo de los accionistas de Sonaca: Wallonie Entreprendre y SFPIM, que gracias a su compromiso a largo plazo y sus inversiones, hacen posible el crecimiento continuo del grupo\u00ab. <\/p>\n<p class=\"voc-p\" style=\"\">Por su lado, <strong>Gin\u00e9s Clemente,<\/strong> fundador y presidente de Aciturri, se\u00f1ala que \u00ablas personas son la fuerza que impulsa nuestro crecimiento. Esta alianza abre nuevas perspectivas para nuestra empresa y nuestro equipo. Gracias al alcance internacional de Sonaca, nuestras capacidades llegar\u00e1n a un mercado m\u00e1s amplio y estaremos a\u00fan mejor posicionados para el futuro\u00bb.<\/p>\n","protected":false},"excerpt":{"rendered":"El grupo Sonaca ha adquirido el 51% del negocio de estructuras aeron\u00e1uticas de Aciturri dando lugar a un&hellip;\n","protected":false},"author":2,"featured_media":156697,"comment_status":"","ping_status":"","sticky":false,"template":"","format":"standard","meta":{"footnotes":""},"categories":[80],"tags":[42493,46857,11953,82,5297,7436,95,94,7115,25,24,14409,46856,23],"class_list":{"0":"post-156696","1":"post","2":"type-post","3":"status-publish","4":"format-standard","5":"has-post-thumbnail","7":"category-economia","8":"tag-aciturri","9":"tag-aeronautica","10":"tag-belga","11":"tag-business","12":"tag-construccion","13":"tag-crear","14":"tag-economia","15":"tag-economy","16":"tag-entra","17":"tag-es","18":"tag-espana","19":"tag-gigante","20":"tag-sonaca","21":"tag-spain"},"share_on_mastodon":{"url":"","error":""},"_links":{"self":[{"href":"https:\/\/www.europesays.com\/es\/wp-json\/wp\/v2\/posts\/156696","targetHints":{"allow":["GET"]}}],"collection":[{"href":"https:\/\/www.europesays.com\/es\/wp-json\/wp\/v2\/posts"}],"about":[{"href":"https:\/\/www.europesays.com\/es\/wp-json\/wp\/v2\/types\/post"}],"author":[{"embeddable":true,"href":"https:\/\/www.europesays.com\/es\/wp-json\/wp\/v2\/users\/2"}],"replies":[{"embeddable":true,"href":"https:\/\/www.europesays.com\/es\/wp-json\/wp\/v2\/comments?post=156696"}],"version-history":[{"count":0,"href":"https:\/\/www.europesays.com\/es\/wp-json\/wp\/v2\/posts\/156696\/revisions"}],"wp:featuredmedia":[{"embeddable":true,"href":"https:\/\/www.europesays.com\/es\/wp-json\/wp\/v2\/media\/156697"}],"wp:attachment":[{"href":"https:\/\/www.europesays.com\/es\/wp-json\/wp\/v2\/media?parent=156696"}],"wp:term":[{"taxonomy":"category","embeddable":true,"href":"https:\/\/www.europesays.com\/es\/wp-json\/wp\/v2\/categories?post=156696"},{"taxonomy":"post_tag","embeddable":true,"href":"https:\/\/www.europesays.com\/es\/wp-json\/wp\/v2\/tags?post=156696"}],"curies":[{"name":"wp","href":"https:\/\/api.w.org\/{rel}","templated":true}]}}