{"id":156698,"date":"2025-10-04T15:45:17","date_gmt":"2025-10-04T15:45:17","guid":{"rendered":"https:\/\/www.europesays.com\/es\/156698\/"},"modified":"2025-10-04T15:45:17","modified_gmt":"2025-10-04T15:45:17","slug":"la-muestra-de-sencillez-y-compromiso-con-la-que-guillermo-y-estefania-se-estrenan-como-grandes-duques-de-luxemburgo","status":"publish","type":"post","link":"https:\/\/www.europesays.com\/es\/156698\/","title":{"rendered":"La muestra de \u00absencillez y compromiso\u00bb con la que Guillermo y Estefan\u00eda se estrenan como Grandes Duques de Luxemburgo"},"content":{"rendered":"<p>04\/10\/2025<br \/>\n<br \/><strong><br \/>\nActualizado a las 02:17h.<br \/>\n<\/strong><\/p>\n<p class=\"voc-p\" style=\"\">El <strong>Gran Ducado de Luxemburgo<\/strong> se reinvent\u00f3 ayer, sin perder su alma, con la abdicaci\u00f3n del <a href=\"https:\/\/www.abc.es\/gente\/gran-duque-enrique-luxemburgo-abdica-hijo-guillermo-20251003095010-nt.html\" target=\"_self\" data-voc-vtm-id=\"in-text-traffic\" title=\"Gran Duque Enrique\" data-mrf-link=\"www.abc.es\" rel=\"nofollow noopener\">Gran Duque Enrique<\/a>, a sus 70 a\u00f1os de edad, en su hijo Guillermo. Culminaba as\u00ed un un proceso de transici\u00f3n cuidadosamente orquestado durante m\u00e1s de un a\u00f1o, por el que hasta ahora <strong>regente de la casa Nassau-Weilbourg<\/strong> ha dado un paso a un lado y ha cedido a su primog\u00e9nito la \u00faltima jefatura de Estado que queda en manos de una casa ducal reinante en Europa.<\/p>\n<p class=\"voc-p\" style=\"\">Luxemburgo amaneci\u00f3 vestida de gala, con las fachadas del casco antiguo luciendo banderas con el le\u00f3n rojo rampante, y los escaparates de la Rue Philippe II exhibiendo <strong>retratos oficiales de Enrique y Guillermo<\/strong>, enmarcados por flores blancas y cintas azul celeste. Dignatarios como los Reyes Felipe y Matilde de B\u00e9lgica, Guillermo Alejandro y M\u00e1xima de Pa\u00edses Bajos, y representantes de las casas reales de Liechtenstein, Noruega y B\u00e9lgica llegaron a primera hora al Palacio Gran Ducal. <\/p>\n<p class=\"voc-p\" style=\"\">Aunque Enrique y Mar\u00eda Teresa mantienen <strong>v\u00ednculos estrechos con la monarqu\u00eda espa\u00f1ola<\/strong> y su primer viaje de Estado fue precisamente a Espa\u00f1a en 2001, invitados por Don Juan Carlos y Do\u00f1a Sof\u00eda, en esta ocasi\u00f3n la representaci\u00f3n espa\u00f1ola ha sido institucional, no din\u00e1stica. Desde Espa\u00f1a se ha enviado una felicitaci\u00f3n oficial a trav\u00e9s del Ministerio de Asuntos Exteriores y se espera que Felipe VI reciba pr\u00f3ximamente a Guillermo en una <strong>visita de Estado<\/strong>. Finalizada la recepci\u00f3n, en el Sal\u00f3n Azul del Palacio, Enrique firm\u00f3 el acta de abdicaci\u00f3n. Vestido con un traje gris perla y corbata borgo\u00f1a, se mostr\u00f3 sereno, aunque conmovido. Finalmente, entreg\u00f3 a Guillermo el estandarte ducal, bordado en hilo de oro, con una frase que los micr\u00f3fonos apenas alcanzaron a captar: <strong>\u00abAhora es tu momento\u00bb<\/strong>.<\/p>\n<p><img decoding=\"async\" loading=\"lazy\" src=\"https:\/\/www.europesays.com\/es\/wp-content\/uploads\/2025\/10\/1501489031-U37280534121SNR-758x470@diario_abc.jpg\" class=\"voc-d-c-combo-3__img\" width=\"758\" height=\"470\" alt=\"Imagen principal - En la primera foto: los Reyes de B\u00e9lgica, su hija Elisabeth y Enrique y Mar\u00eda Teresa de Luxemburgo; en la segunda: los Reyes de los Pa\u00edses Bajos junto a su hija Amalia; y en la tercera, el nuevo Gran Duque junto a su mujer y sus padres\"\/><\/p>\n<p><img decoding=\"async\" loading=\"lazy\" src=\"https:\/\/www.europesays.com\/es\/wp-content\/uploads\/2025\/10\/1501489049_20251003180214-U04541331581Ram-464x329@diario_abc.jpg\" class=\"voc-d-c-combo-3__img\" width=\"464\" height=\"329\" alt=\"Imagen secundaria 1 - En la primera foto: los Reyes de B\u00e9lgica, su hija Elisabeth y Enrique y Mar\u00eda Teresa de Luxemburgo; en la segunda: los Reyes de los Pa\u00edses Bajos junto a su hija Amalia; y en la tercera, el nuevo Gran Duque junto a su mujer y sus padres\"\/><\/p>\n<p><img decoding=\"async\" loading=\"lazy\" src=\"https:\/\/www.europesays.com\/es\/wp-content\/uploads\/2025\/10\/1501491166-U42282324272VhJ-278x329@diario_abc.jpg\" class=\"voc-d-c-combo-3__img\" width=\"278\" height=\"329\" alt=\"Imagen secundaria 2 - En la primera foto: los Reyes de B\u00e9lgica, su hija Elisabeth y Enrique y Mar\u00eda Teresa de Luxemburgo; en la segunda: los Reyes de los Pa\u00edses Bajos junto a su hija Amalia; y en la tercera, el nuevo Gran Duque junto a su mujer y sus padres\"\/><\/p>\n<p>En la primera foto: los Reyes de B\u00e9lgica, su hija Elisabeth y Enrique y Mar\u00eda Teresa de Luxemburgo; en la segunda: los Reyes de los Pa\u00edses Bajos junto a su hija Amalia; y en la tercera, el nuevo Gran Duque junto a su mujer y sus padres<br \/>\nEFE<\/p>\n<p class=\"voc-p\" style=\"\">Guillermo jur\u00f3 su cargo ante <a href=\"https:\/\/www.abc.es\/gente\/imagenes-guillermo-luxemburgo-proclamacion-gran-duque-20251003140640-ga.html\" target=\"_self\" data-voc-vtm-id=\"in-text-traffic\" title=\"la C\u00e1mara de Diputados\" data-mrf-link=\"www.abc.es\" rel=\"nofollow noopener\">la C\u00e1mara de Diputados<\/a>, en una sesi\u00f3n extraordinaria presidida por Fernand Etgen y ante la presencia de la presidenta del Parlamento Europeo, Roberta Metsola, y el presidente del Consejo Europeo, Ant\u00f3nio Costa, as\u00ed como el<strong> presidente franc\u00e9s Emmanuel Macron<\/strong> y su hom\u00f3logo alem\u00e1n Frank Walter Steinmeier. Durante el juramento, ahora s\u00ed, su padre dej\u00f3 entrever la emoci\u00f3n al escuchar el discurso inaugural de su hijo, en luxemburgu\u00e9s, franc\u00e9s y alem\u00e1n. <\/p>\n<p>\nEl futuro de la monarqu\u00eda\n<\/p>\n<p class=\"voc-p\" style=\"\">El nuevo Gran Duque, de 43 a\u00f1os, luc\u00eda uniforme militar de gala, con la banda de la Orden del Le\u00f3n de Oro cruzando el pecho, y termin\u00f3 su alocuci\u00f3n con un mensaje claro: \u00abMi deber es servir, escuchar y unir\u00bb. Expres\u00f3 su deseo de \u00abfortalecer la cohesi\u00f3n de nuestra sociedad\u00bb y prometi\u00f3 una firme defensa de \u00ablos principios democr\u00e1ticos fundamentales\u00bb. Afirm\u00f3 que \u00ab<strong>la monarqu\u00eda debe evolucionar<\/strong> con los tiempos y orientarse hacia el futuro\u00bb y se refiri\u00f3 a \u00abla espiral de desinformaci\u00f3n que amenaza nuestra democracia\u00bb, as\u00ed como a los valores de \u00ab<strong>apertura, diversidad, tolerancia y solidaridad<\/strong>\u00bb. \u00abVivir\u00e9 la vida de mi pueblo, del que no quiero estar separado por ninguna barrera, y compartir\u00e9 sus alegr\u00edas y sus sufrimientos\u00bb, declar\u00f3 sus intenciones.<\/p>\n<p class=\"voc-p\" style=\"\">Posteriormente, ya a mediod\u00eda, apareci\u00f3 en el balc\u00f3n del Palacio junto a la Gran Duquesa Estefan\u00eda, radiante en un vestido marfil con bordados florales inspirados en el valle de Our. La multitud reunida en la plaza Guillermo II estall\u00f3 en v\u00edtores. Entre los asistentes, destacaban <strong>las j\u00f3venes herederas Elisabeth de B\u00e9lgica y Amalia de Pa\u00edses Bajos<\/strong>, ambas con tocados discretos y miradas c\u00f3mplices. El peque\u00f1o pr\u00edncipe Carlos, de cinco a\u00f1os, salud\u00f3 t\u00edmidamente desde los brazos de su madre, en una escena que recordaba a la famosa imagen de Felipe VI en 1975.<\/p>\n<p class=\"voc-p\" style=\"\">El pueblo luxemburgu\u00e9s sigui\u00f3 con especial atenci\u00f3n el trayecto a pie desde el Palacio hasta el ayuntamiento. Guillermo y Estefan\u00eda caminaron entre la gente, <strong>escoltados solamente por m\u00fasicos de la Philharmonie<\/strong> y una guardia ceremonial, con trajes inspirados en el siglo XIX. Ocho tranv\u00edas decorados con los colores del Ducado recorrieron la avenida Royal-Hamilius hasta la parada \u00abTh\u00e9\u00e2tre\u00bb, rebautizada como \u00abTrounwiessel\u00bb en honor a esta hist\u00f3rica jornada. All\u00ed se escuch\u00f3 por primera vez la voz grabada de Guillermo anunciando la llegada a \u00abLuxembourg, notre maison commune\u00bb (Luxemburgo, nuestra casa com\u00fan).<\/p>\n<p class=\"voc-p\" style=\"\">En el ayuntamiento, la alcaldesa Lydia Polfer celebr\u00f3 \u00abla elegancia de la continuidad y la audacia del cambio\u00bb. Guillermo <strong>firm\u00f3 el libro de oro<\/strong> y salud\u00f3 a los representantes de la sociedad civil, incluyendo a j\u00f3venes emprendedores, artistas y voluntarios. El Cercle Cit\u00e9 acogi\u00f3 despu\u00e9s una <strong>recepci\u00f3n oficial<\/strong>. El men\u00fa, dise\u00f1ado por el chef Ren\u00e9 Mathieu, inclu\u00eda trucha del \u00c9islek, cordero de Mullerthal y mousse de mirabel. La vajilla, con el escudo ducal en relieve, fue fabricada especialmente para la ocasi\u00f3n por Villeroy &amp; Boch. M\u00e1s tarde, una cena de gala en el Castillo de Berg reuni\u00f3 a 120 invitados con m\u00fasica de c\u00e1mara y un brindis en honor a Enrique, que se retir\u00f3 al final a la residencia de Fischbach.<\/p>\n<p class=\"voc-p\" style=\"\">Guillermo ha dejado claro que su estilo ser\u00e1 m\u00e1s accesible que el de su predecesor, en concordancia con las formas y los medios de comunicaci\u00f3n propios de su generaci\u00f3n. Ha anunciado una gira de presentaci\u00f3n por cinco regiones del pa\u00eds, que comenzar\u00e1 hoy mismo en Esch-sur-Alzette, donde visitar\u00e1 una escuela, un hospital y un centro cultural. Su Fundaci\u00f3n, creada con motivo de su llegada a la jefatura de Estado, ha invitado a los ciudadanos e instituciones a participar en proyectos sociales, en lugar de enviarle regalos. El <strong>sello conmemorativo emitido por Correos<\/strong> muestra a Guillermo y Estefan\u00eda en un abrazo simb\u00f3lico, con el lema: \u00abZesumme fir L\u00ebtzebuerg\u00bb (\u00abJuntos por Luxemburgo\u00bb).<\/p>\n<p><img decoding=\"async\" loading=\"lazy\" src=\"https:\/\/www.europesays.com\/es\/wp-content\/uploads\/2025\/10\/1501489406_20251003175851-U17585135702vvw-760x427@diario_abc.jpg\" class=\"voc-img\" width=\"760\" height=\"427\" alt=\"Durante el acto en la C\u00e1mara de los Diputados\" data-voc-vtm-id=\"in-text-traffic\"\/><\/p>\n<p>Durante el acto en la C\u00e1mara de los Diputados<\/p>\n<p>EFE<\/p>\n<p class=\"voc-p\" style=\"\">Enrique, que ascendi\u00f3 al trono en el a\u00f1o 2000, ha sido un monarca de perfil bajo pero de decisiones firmes. Su negativa a sancionar la ley de eutanasia en 2008 tuvo como consecuencia una reforma constitucional que redefini\u00f3 el papel del jefe de Estado. Ayer, al arriar su estandarte en el Gran Palacio Ducal, mantuvo fija la mirada fija en Guillermo, como si en ese gesto se condensaran 25 a\u00f1os de servicio y su legado. La gran duquesa Mar\u00eda Teresa, vestida de azul medianoche, <strong>tom\u00f3 la mano de Enrique discretamente durante el acto<\/strong>, en un gesto de despedida silenciosa, pero cargada de afecto. El nuevo estandarte fue izado mientras sonaban las campanas de la catedral de Santa Mar\u00eda.<\/p>\n<p>\nLa formaci\u00f3n de Guillermo\n<\/p>\n<p class=\"voc-p\" style=\"\">Guillermo, de 43 a\u00f1os, ha sido preparado desde ni\u00f1o para este momento. Educado en Ciencias Pol\u00edticas en Angers y formado en la Real Academia Militar de Sandhurst, ha mostrado una voluntad clara de acercarse al pueblo. En su discurso afirm\u00f3 que \u00abquiero ser el Gran Duque que <strong>construya puentes entre generaciones<\/strong>\u00bb. Su estilo es directo y sin grandilocuencias. En una entrevista previa, ha confesado estar \u00abnervioso pero preparado\u00bb, consciente de que ahora le toca asumir responsabilidades como la cabeza de la diplomacia, la firma de decretos y la representaci\u00f3n internacional. <\/p>\n<p class=\"voc-p\" style=\"\">La jornada estuvo llena de gestos que desvelan matices de su perfil. En lugar de retirarse tras el saludo desde el balc\u00f3n, por ejemplo, Guillermo y Estefan\u00eda caminaron hasta el ayuntamiento, <strong>una muestra de \u00absencillez y compromiso\u00bb<\/strong> del nuevo duque. Guillermo y Estefan\u00eda parecen dispuestos a jugar la carta de la proximidad y a apuntalar la continuidad din\u00e1stica. El peque\u00f1o pr\u00edncipe Carlos, ya el heredero al trono m\u00e1s joven de Europa, cort\u00f3 ayer la cinta inaugural de un colegio que lleva su nombre, y fue visto saludando t\u00edmidamente a Amalia y Elisabeth, en una escena que pareci\u00f3 anticipar el futuro de las monarqu\u00edas europeas.<\/p>\n<p>Reportar un error<\/p>\n","protected":false},"excerpt":{"rendered":"04\/10\/2025 Actualizado a las 02:17h. El Gran Ducado de Luxemburgo se reinvent\u00f3 ayer, sin perder su alma, con&hellip;\n","protected":false},"author":2,"featured_media":156699,"comment_status":"","ping_status":"","sticky":false,"template":"","format":"standard","meta":{"footnotes":""},"categories":[42],"tags":[5228,17,18,907,27665,46858,13,14,3956,6891,11,61,62,63,64,19,20,29870,6041,9,10,15,16,524,12,21,22,65,66,67],"class_list":{"0":"post-156698","1":"post","2":"type-post","3":"status-publish","4":"format-standard","5":"has-post-thumbnail","7":"category-internacional","8":"tag-bienvenida","9":"tag-breaking-news","10":"tag-breakingnews","11":"tag-debe","12":"tag-duque","13":"tag-evolucionar","14":"tag-featured-news","15":"tag-featurednews","16":"tag-gran","17":"tag-guillermo","18":"tag-headlines","19":"tag-internacional","20":"tag-international","21":"tag-international-news","22":"tag-internationalnews","23":"tag-latest-news","24":"tag-latestnews","25":"tag-luxemburgo","26":"tag-monarquia","27":"tag-news","28":"tag-noticias","29":"tag-noticias-destacadas","30":"tag-noticiasdestacadas","31":"tag-nuevo","32":"tag-titulares","33":"tag-ultimas-noticias","34":"tag-ultimasnoticias","35":"tag-world","36":"tag-world-news","37":"tag-worldnews"},"share_on_mastodon":{"url":"","error":""},"_links":{"self":[{"href":"https:\/\/www.europesays.com\/es\/wp-json\/wp\/v2\/posts\/156698","targetHints":{"allow":["GET"]}}],"collection":[{"href":"https:\/\/www.europesays.com\/es\/wp-json\/wp\/v2\/posts"}],"about":[{"href":"https:\/\/www.europesays.com\/es\/wp-json\/wp\/v2\/types\/post"}],"author":[{"embeddable":true,"href":"https:\/\/www.europesays.com\/es\/wp-json\/wp\/v2\/users\/2"}],"replies":[{"embeddable":true,"href":"https:\/\/www.europesays.com\/es\/wp-json\/wp\/v2\/comments?post=156698"}],"version-history":[{"count":0,"href":"https:\/\/www.europesays.com\/es\/wp-json\/wp\/v2\/posts\/156698\/revisions"}],"wp:featuredmedia":[{"embeddable":true,"href":"https:\/\/www.europesays.com\/es\/wp-json\/wp\/v2\/media\/156699"}],"wp:attachment":[{"href":"https:\/\/www.europesays.com\/es\/wp-json\/wp\/v2\/media?parent=156698"}],"wp:term":[{"taxonomy":"category","embeddable":true,"href":"https:\/\/www.europesays.com\/es\/wp-json\/wp\/v2\/categories?post=156698"},{"taxonomy":"post_tag","embeddable":true,"href":"https:\/\/www.europesays.com\/es\/wp-json\/wp\/v2\/tags?post=156698"}],"curies":[{"name":"wp","href":"https:\/\/api.w.org\/{rel}","templated":true}]}}