{"id":1567,"date":"2025-07-25T06:30:07","date_gmt":"2025-07-25T06:30:07","guid":{"rendered":"https:\/\/www.europesays.com\/es\/1567\/"},"modified":"2025-07-25T06:30:07","modified_gmt":"2025-07-25T06:30:07","slug":"espana-cambia-el-paradigma-en-natacion-artistica","status":"publish","type":"post","link":"https:\/\/www.europesays.com\/es\/1567\/","title":{"rendered":"Espa\u00f1a cambia el paradigma en nataci\u00f3n art\u00edstica"},"content":{"rendered":"<p style=\"\">Cambia Espa\u00f1a el paradigma de la nataci\u00f3n art\u00edstica, en lo m\u00e1s alto de los podios por primera vez en la historia. Por encima, s\u00ed, de Rusia, de China, de Jap\u00f3n, de Italia. De todos los pa\u00edses en la final del d\u00fao libre con una Iris  &#8230; Ti\u00f3 (22 a\u00f1os) soberbia en su papel de l\u00edder del equipo y una Lilou Lluis (18) que todav\u00eda no se lo cree. Su &#8216;Esencia de la feminidad&#8217; brill\u00f3 (282.6087) por calidez, elegancia y control, un ejercicio diferente que ejecutaron a la perfecci\u00f3n, todos los elementos en verde y una impresi\u00f3n art\u00edstica magn\u00edfica para superar a Italia (278.7137) y a Rusia (277.1117). Y para regresar al podio en esta modalidad doce a\u00f1os despu\u00e9s, desde aquel bronce de Ona Carbonell y Marga Cresp\u00ed en Barcelona 2013. Espa\u00f1a cambia el paradigma y el rumbo de la nataci\u00f3n art\u00edstica.<\/p>\n<p class=\"voc-p\" style=\"\">\u00abHemos salido con mucha energ\u00eda y confianza. Conforme pas\u00e1bamos los h\u00edbridos y figuras ve\u00eda que iba todo bien\u00bb, admit\u00eda Ti\u00f3 sin poder parar de re\u00edr con Lluis mientras las entrevistaban en zona mixta. \u00abHemos ido poco a poco, siguiendo el plan que ten\u00edamos y superbi\u00e9n. Yo no pod\u00eda parar de llorar, es muy fuerte, no me lo creo. He visto el 1 y s\u00e9 que tengo la medalla, pero todav\u00eda no s\u00e9&#8230; Al principio estaba muy nerviosa, pero me ha ayudado mucho la experiencia de Iris, es un orgullo nadar con ella\u00bb, confesaba Lluis, que c\u00f3mo se iba a creer esta medalla entre las manos. \u00abNo me esperaba esto cuando llegu\u00e9 a Espa\u00f1a, al CAR, no es que no entrara en mis planes un oro en d\u00fao, es que ni llegar a un campeonato del mundo. Lo siento como que de repente, todo maravilloso\u00bb, segu\u00eda la nadadora, que lleg\u00f3 a Espa\u00f1a por la doble nacionalidad que tiene por su padre despu\u00e9s de que Francia, su pa\u00eds natal, la despachara del equipo de art\u00edstica.<\/p>\n<p class=\"voc-p\" style=\"\">De aquel baj\u00f3n, al \u00edmpetu con el que sali\u00f3 con Ti\u00f3 a la piscina. Hab\u00eda menos dificultad que en los ejercicios de Italia y de China, por ejemplo, pero si Espa\u00f1a es l\u00edder de esta nueva art\u00edstica es por ese ADN que siempre la llev\u00f3 al \u00e9xito: la creatividad y la impresi\u00f3n art\u00edstica, donde el d\u00fao sac\u00f3 tres dieces y sum\u00f3 la mayor nota de todas (133.3500). Despu\u00e9s, la compenetraci\u00f3n, el crecimiento, la sincron\u00eda, el trabajo y la clase de T\u00edo y Lluis, que apenas llevan entrenando una temporada, convencieron tambi\u00e9n a los jueces, con una nota de 149.2587 puntos en ejecuci\u00f3n, solo detr\u00e1s de Italia.<\/p>\n<p class=\"voc-p\" style=\"\">\u00abNadar con Lilou es un regalo, nos lo pasamos superbi\u00e9n entrenando. Es una crack, nos entendemos muy bien. El secreto de nuestro d\u00fao es que nos est\u00e1bamos riendo todo el rato, incluso antes de salir est\u00e1bamos haciendo bromas. Y esa es la magia y la clave de esto\u00bb, dec\u00eda T\u00edo, con el oro al cuello, segundo para ella tras el logrado en el solo, y s\u00e9ptimo para la delegaci\u00f3n espa\u00f1ola. De vuelta al podio en el d\u00fao libre desde Carbonell y Cresp\u00ed en Barcelona 2013 (bronce), y por primera vez en los oros como este para un equipo que lidera Andrea Fuentes con originalidad, cari\u00f1o, creatividad y emoci\u00f3n. <\/p>\n<p class=\"voc-p\" style=\"\">Ella fue de las que abrieron el camino, con Paola Tirados, Gemma Mengual, Carbonell&#8230; En Roma 2009 se sabore\u00f3 el primer oro mundial, hasta hace una semana era tambi\u00e9n el \u00fanico, con ese ejercicio del combo con Led Zeppelin de banda sonora. <\/p>\n<p class=\"voc-p\" style=\"\">Despu\u00e9s, la tiran\u00eda rusa neg\u00f3 m\u00e1s premios en dorado, pero se mantuvo Espa\u00f1a como &#8216;primera de los mortales&#8217;. Diecis\u00e9is platas, diecis\u00e9is bronces. en mundiales. Hasta parar la cuenta en Barcelona 2013, un a\u00f1o despu\u00e9s de la salida de Anna Tarr\u00e9s. Porque luego irrumpi\u00f3 China, a lo grande. Pero ya hubo un cambio de rumbo en los Juegos de Par\u00eds. De vuelta a un podio para empezar a asomar de nuevo la cabeza en las competiciones de prestigio. <\/p>\n<p class=\"voc-p\" style=\"\">Y a partir de ah\u00ed, un crecimiento hacia las alturas con el que se rompen techos, barreras mentales y r\u00e9cords que Fuentes quiere prolongar y mejorar, que esto es solo el inicio del ciclo ol\u00edmpico.<\/p>\n<p class=\"voc-p\" style=\"\">Pero ahora esta generaci\u00f3n de j\u00f3venes nadadoras se lo cree, no ha vivido aquellas amarguras y ya no miran a Rusia (aunque sea con bandera neutral esta vez), a China ni a nadie desde abajo, sino desde arriba. <\/p>\n<p class=\"voc-p\" style=\"\">Por el momento, en Singapur: oros en solo libre (Iris Ti\u00f3) y en d\u00fao libre (Iris Ti\u00f3 y Lilou Lluis); platas en solo t\u00e9cnico masculino (Dennis Gonz\u00e1lez) y du\u00f3 t\u00e9cnico mixto (Dennis Gonz\u00e1lez y Mireia Hern\u00e1ndez), y bronces en solo t\u00e9cnico (Iris Ti\u00f3), equipo rutina libre y equipo rutina t\u00e9cnica). Este viernes, opci\u00f3n de dos medallas m\u00e1s: en el d\u00fao t\u00e9cnico libre (Dennis Gonz\u00e1lez e Iris Ti\u00f3) y en la rutina acrob\u00e1tica del equipo, donde Espa\u00f1a parte con la segunda mejor nota de la preliminar, a poco m\u00e1s de un punto de China.<\/p>\n","protected":false},"excerpt":{"rendered":"Cambia Espa\u00f1a el paradigma de la nataci\u00f3n art\u00edstica, en lo m\u00e1s alto de los podios por primera vez&hellip;\n","protected":false},"author":2,"featured_media":1568,"comment_status":"","ping_status":"","sticky":false,"template":"","format":"standard","meta":{"footnotes":""},"categories":[93],"tags":[1840,1838,168,25,24,633,1839,23,167],"class_list":{"0":"post-1567","1":"post","2":"type-post","3":"status-publish","4":"format-standard","5":"has-post-thumbnail","7":"category-deportes","8":"tag-artistica","9":"tag-cambia","10":"tag-deportes","11":"tag-es","12":"tag-espana","13":"tag-natacion","14":"tag-paradigma","15":"tag-spain","16":"tag-sports"},"share_on_mastodon":{"url":"","error":""},"_links":{"self":[{"href":"https:\/\/www.europesays.com\/es\/wp-json\/wp\/v2\/posts\/1567","targetHints":{"allow":["GET"]}}],"collection":[{"href":"https:\/\/www.europesays.com\/es\/wp-json\/wp\/v2\/posts"}],"about":[{"href":"https:\/\/www.europesays.com\/es\/wp-json\/wp\/v2\/types\/post"}],"author":[{"embeddable":true,"href":"https:\/\/www.europesays.com\/es\/wp-json\/wp\/v2\/users\/2"}],"replies":[{"embeddable":true,"href":"https:\/\/www.europesays.com\/es\/wp-json\/wp\/v2\/comments?post=1567"}],"version-history":[{"count":0,"href":"https:\/\/www.europesays.com\/es\/wp-json\/wp\/v2\/posts\/1567\/revisions"}],"wp:featuredmedia":[{"embeddable":true,"href":"https:\/\/www.europesays.com\/es\/wp-json\/wp\/v2\/media\/1568"}],"wp:attachment":[{"href":"https:\/\/www.europesays.com\/es\/wp-json\/wp\/v2\/media?parent=1567"}],"wp:term":[{"taxonomy":"category","embeddable":true,"href":"https:\/\/www.europesays.com\/es\/wp-json\/wp\/v2\/categories?post=1567"},{"taxonomy":"post_tag","embeddable":true,"href":"https:\/\/www.europesays.com\/es\/wp-json\/wp\/v2\/tags?post=1567"}],"curies":[{"name":"wp","href":"https:\/\/api.w.org\/{rel}","templated":true}]}}