{"id":156701,"date":"2025-10-04T15:47:18","date_gmt":"2025-10-04T15:47:18","guid":{"rendered":"https:\/\/www.europesays.com\/es\/156701\/"},"modified":"2025-10-04T15:47:18","modified_gmt":"2025-10-04T15:47:18","slug":"hay-ocho-heridos-tres-graves","status":"publish","type":"post","link":"https:\/\/www.europesays.com\/es\/156701\/","title":{"rendered":"hay ocho heridos, tres graves"},"content":{"rendered":"<p class=\"paragraph\" id=\"paragraph_1\"><strong>Una fuerte explosi\u00f3n de una embarcaci\u00f3n de Fuengirola<\/strong> se ha saldado con ocho personas heridas de entre los 31 y los 40 a\u00f1os, seg\u00fan han informado a EL ESPA\u00d1OL de M\u00e1laga desde el Ayuntamiento de Fuengirola y el Servicio de Emergencias 112 de Andaluc\u00eda.<\/p>\n<p class=\"paragraph\" id=\"paragraph_2\">Los hechos han ocurrido sobre las 12.20 horas de este s\u00e1bado. Seg\u00fan el Servicio de Emergencias 112, a esa hor<strong>a varias personas testigos de lo ocurrido han llamado al 1-1-2 alertando de la presencia de una gran columna de humo visible desde diferentes puntos de la Costa del Sol<\/strong> y asustados por las explosiones que hab\u00edan escuchado.<\/p>\n<p class=\"paragraph\" id=\"paragraph_3\">El Servicio de Salvamento y Socorrismo, los Bomberos y la Polic\u00eda Local de Fuengirola, as\u00ed como la Guardia Civil se han trasladado a la zona para <strong>apagar el incendio producido en una embarcaci\u00f3n que navegaba en el puerto deportivo, cerca de la bocana.<\/strong><\/p>\n<p class=\"paragraph\" id=\"paragraph_4\">Por motivos que se desconocen, se produjo una explosi\u00f3n y el barco comenz\u00f3 a arder. En pocos minutos, <strong>socorristas del Servicio de Salvamento llegaron con motos de agua hasta los tripulantes para ponerlos a salvo.<\/strong><\/p>\n<p class=\"paragraph\" id=\"paragraph_5\">En total, iban embarcadas ocho personas. Todas resultaron heridas y tres de ellas de consideraci\u00f3n, que inmediatamente fueron puestas a disposici\u00f3n de los servicios m\u00e9dicos de emergencia. Fruto de la deflagraci\u00f3n, la embarcaci\u00f3n se hundi\u00f3 y los responsables de la Agencia Andaluza de Puertos est\u00e1n siguiendo la situaci\u00f3n de cerca para valorar la aplicaci\u00f3n de <strong>medidas antivertidos.<\/strong><\/p>\n<p class=\"paragraph\" id=\"paragraph_6\">No ha trascendido la identidad de las personas afectadas.<\/p>\n<p class=\"paragraph\" id=\"paragraph_7\">La explosi\u00f3n ha causado un gran revuelo en la zona de la playa. <strong>Algunos testigos aseguran que se ha escuchado incluso en Benalm\u00e1dena. Otro internauta que vive cerca del puerto asegura que su casa \u00abha retumbado\u00bb.<\/strong><\/p>\n","protected":false},"excerpt":{"rendered":"Una fuerte explosi\u00f3n de una embarcaci\u00f3n de Fuengirola se ha saldado con ocho personas heridas de entre los&hellip;\n","protected":false},"author":2,"featured_media":156702,"comment_status":"","ping_status":"","sticky":false,"template":"","format":"standard","meta":{"footnotes":""},"categories":[5],"tags":[17,18,25,24,13,14,13330,11,19,20,6435,9,10,15,16,23,12,21,22],"class_list":{"0":"post-156701","1":"post","2":"type-post","3":"status-publish","4":"format-standard","5":"has-post-thumbnail","7":"category-titulares","8":"tag-breaking-news","9":"tag-breakingnews","10":"tag-es","11":"tag-espana","12":"tag-featured-news","13":"tag-featurednews","14":"tag-fuengirola","15":"tag-headlines","16":"tag-latest-news","17":"tag-latestnews","18":"tag-malaga-provincia","19":"tag-news","20":"tag-noticias","21":"tag-noticias-destacadas","22":"tag-noticiasdestacadas","23":"tag-spain","24":"tag-titulares","25":"tag-ultimas-noticias","26":"tag-ultimasnoticias"},"share_on_mastodon":{"url":"","error":""},"_links":{"self":[{"href":"https:\/\/www.europesays.com\/es\/wp-json\/wp\/v2\/posts\/156701","targetHints":{"allow":["GET"]}}],"collection":[{"href":"https:\/\/www.europesays.com\/es\/wp-json\/wp\/v2\/posts"}],"about":[{"href":"https:\/\/www.europesays.com\/es\/wp-json\/wp\/v2\/types\/post"}],"author":[{"embeddable":true,"href":"https:\/\/www.europesays.com\/es\/wp-json\/wp\/v2\/users\/2"}],"replies":[{"embeddable":true,"href":"https:\/\/www.europesays.com\/es\/wp-json\/wp\/v2\/comments?post=156701"}],"version-history":[{"count":0,"href":"https:\/\/www.europesays.com\/es\/wp-json\/wp\/v2\/posts\/156701\/revisions"}],"wp:featuredmedia":[{"embeddable":true,"href":"https:\/\/www.europesays.com\/es\/wp-json\/wp\/v2\/media\/156702"}],"wp:attachment":[{"href":"https:\/\/www.europesays.com\/es\/wp-json\/wp\/v2\/media?parent=156701"}],"wp:term":[{"taxonomy":"category","embeddable":true,"href":"https:\/\/www.europesays.com\/es\/wp-json\/wp\/v2\/categories?post=156701"},{"taxonomy":"post_tag","embeddable":true,"href":"https:\/\/www.europesays.com\/es\/wp-json\/wp\/v2\/tags?post=156701"}],"curies":[{"name":"wp","href":"https:\/\/api.w.org\/{rel}","templated":true}]}}