{"id":156713,"date":"2025-10-04T15:57:11","date_gmt":"2025-10-04T15:57:11","guid":{"rendered":"https:\/\/www.europesays.com\/es\/156713\/"},"modified":"2025-10-04T15:57:11","modified_gmt":"2025-10-04T15:57:11","slug":"he-conocido-al-rey-que-majisimo","status":"publish","type":"post","link":"https:\/\/www.europesays.com\/es\/156713\/","title":{"rendered":"\u00abHe conocido al Rey, \u00a1qu\u00e9 maj\u00edsimo!"},"content":{"rendered":"<p class=\"paragraph\">Tanto la<b> Casa Real <\/b>como la cantante <a href=\"https:\/\/www.heraldo.es\/noticias\/ocio-y-cultura\/2025\/08\/01\/aitana-concierto-zaragoza-gira-mundial-2026-1843820.html\" title=\"Aitana anuncia por sorpresa un concierto en Zaragoza: &quot;Va a ser muy especial&quot;\" rel=\"nofollow noopener\" target=\"_blank\">Aitana <\/a>compartieron en las \u00faltimas horas <b>im\u00e1genes de la artista junto al rey Felipe VI<\/b>. Ambos coincidieron por primera vez este lunes y la barcelonesa no dud\u00f3 en pedirle una foto al monarca\u00a0para el recuerdo.<\/p>\n<p class=\"paragraph\">Se encontraban entre los invitados en la gala de los<b> Premios Vanguardia 2025,<\/b> en la capital catalana, donde la &#8216;extriunfita&#8217; era una de las galardonadas este a\u00f1o.<\/p>\n<p class=\"paragraph\">\u00abEl Rey preside en Barcelona la entrega de la tercera edici\u00f3n de los Premios Vanguardia con los que se r<b>econoce la labor de entidades, empresas, instituciones y personas que desarrollan su actividad de manera destacada en \u00e1mbitos sociales, econ\u00f3micos, pol\u00edticos y culturales<\/b>\u00ab, escrib\u00eda la Casa Real en su cuenta de <a href=\"https:\/\/www.heraldo.es\/tags\/temas\/instagram.html\" title=\"Instagram\" rel=\"nofollow noopener\" target=\"_blank\">Instagram<\/a>, donde compart\u00eda un \u00e1lbum de fotos de Felipe VI con algunos de los premiados y entre ellas destacaba la de <b>Aitana, haci\u00e9ndose un selfi con el Rey.<\/b><\/p>\n<p class=\"paragraph\">La cantante tampoco se resisti\u00f3 a compartir con sus fans el momento. \u00abGracias por este premio, de verdad. Es un honor enorme estar rodeada de tanto talento y sentirme parte de algo tan especial\u00bb, escribi\u00f3 la cantante. \u00abPor cierto, <b>he conocido al Rey por primera vez. \u00a1Qu\u00e9 maj\u00edsimo\u00bb<\/b>, escribi\u00f3 en su cuenta de Instagram.<\/p>\n<p class=\"paragraph\">Los <b>Premios Vanguardia 2025<\/b> se entregaron este lunes, adem\u00e1s de a Aitana, a las v\u00edctimas de la <b>dana<\/b>, las ONG <b>Cruz Roja y C\u00e1rita<\/b>s, la <b>Sagrada Fam\u00edlia, Airbus;<\/b> el presidente ejecutivo de Damm,<b> Demetrio Carceller Arce<\/b>; el arquitecto<b> Ricardo Bofill <\/b>(p\u00f3stumo); la hija de <b>Gis\u00e8le Pelicot<\/b>, <b>Caroline Darian;<\/b> el director del Hospital Sant Joan de D\u00e9u, <b>Manel del Castillo<\/b>; la oftalm\u00f3loga<b> Elena Barraquer y<\/b> el historiador y periodista <b>Timothy Garton Ash.<\/b><\/p>\n<p class=\"paragraph\">La gala de la tercera edici\u00f3n de los premios organizados por el diario &#8216;La Vanguardia&#8217;, que <b>estuvo centrada en el papel de Europa<\/b>, se celebr\u00f3 en el Palau de Congresos de Catalu\u00f1a y reuni\u00f3 al presidente de la Generalitat, <b>Salvador Illa<\/b>; el presidente del Parlament, <b>Josep Ru<\/b>ll; el alcalde de Barcelona, <b>Jaume Collboni;<\/b> la vicepresidenta segunda del Gobierno, <b>Yolanda D\u00edaz<\/b>; el delegado del Gobierno,<b> Carlos Prieto,<\/b> y el expresidente de la Generalitat <b>Pere Aragon\u00e8s<\/b>, entre otros.<\/p>\n","protected":false},"excerpt":{"rendered":"Tanto la Casa Real como la cantante Aitana compartieron en las \u00faltimas horas im\u00e1genes de la artista junto&hellip;\n","protected":false},"author":2,"featured_media":156714,"comment_status":"","ping_status":"","sticky":false,"template":"","format":"standard","meta":{"footnotes":""},"categories":[174],"tags":[255,1994,4389,13473,437,146,147,25,24,256,46860,23],"class_list":{"0":"post-156713","1":"post","2":"type-post","3":"status-publish","4":"format-standard","5":"has-post-thumbnail","7":"category-famosos","8":"tag-celebrities","9":"tag-comparte","10":"tag-conocido","11":"tag-emocionante","12":"tag-encuentro","13":"tag-entertainment","14":"tag-entretenimiento","15":"tag-es","16":"tag-espana","17":"tag-famosos","18":"tag-majisimo","19":"tag-spain"},"share_on_mastodon":{"url":"","error":""},"_links":{"self":[{"href":"https:\/\/www.europesays.com\/es\/wp-json\/wp\/v2\/posts\/156713","targetHints":{"allow":["GET"]}}],"collection":[{"href":"https:\/\/www.europesays.com\/es\/wp-json\/wp\/v2\/posts"}],"about":[{"href":"https:\/\/www.europesays.com\/es\/wp-json\/wp\/v2\/types\/post"}],"author":[{"embeddable":true,"href":"https:\/\/www.europesays.com\/es\/wp-json\/wp\/v2\/users\/2"}],"replies":[{"embeddable":true,"href":"https:\/\/www.europesays.com\/es\/wp-json\/wp\/v2\/comments?post=156713"}],"version-history":[{"count":0,"href":"https:\/\/www.europesays.com\/es\/wp-json\/wp\/v2\/posts\/156713\/revisions"}],"wp:featuredmedia":[{"embeddable":true,"href":"https:\/\/www.europesays.com\/es\/wp-json\/wp\/v2\/media\/156714"}],"wp:attachment":[{"href":"https:\/\/www.europesays.com\/es\/wp-json\/wp\/v2\/media?parent=156713"}],"wp:term":[{"taxonomy":"category","embeddable":true,"href":"https:\/\/www.europesays.com\/es\/wp-json\/wp\/v2\/categories?post=156713"},{"taxonomy":"post_tag","embeddable":true,"href":"https:\/\/www.europesays.com\/es\/wp-json\/wp\/v2\/tags?post=156713"}],"curies":[{"name":"wp","href":"https:\/\/api.w.org\/{rel}","templated":true}]}}