{"id":156734,"date":"2025-10-04T16:13:11","date_gmt":"2025-10-04T16:13:11","guid":{"rendered":"https:\/\/www.europesays.com\/es\/156734\/"},"modified":"2025-10-04T16:13:11","modified_gmt":"2025-10-04T16:13:11","slug":"la-dura-confesion-de-la-jaula-bahamondes-sobre-sus-inicios-buscaba-monedas-en-el-piso-para-cenar","status":"publish","type":"post","link":"https:\/\/www.europesays.com\/es\/156734\/","title":{"rendered":"La dura confesi\u00f3n de La Jaula Bahamondes sobre sus inicios: \u201cBuscaba monedas en el piso para cenar\u201d"},"content":{"rendered":"<p class=\"article-body__paragraph\"><a href=\"https:\/\/www.latercera.com\/etiqueta\/ignacio-bahamondes\/\" target=\"_blank\" rel=\"noreferrer nofollow noopener\" title=\"https:\/\/www.latercera.com\/etiqueta\/ignacio-bahamondes\/\"><b>Ignacio Bahamondes<\/b><\/a><b> enfrentar\u00e1 un nuevo gran desaf\u00edo en la <\/b><a href=\"https:\/\/www.latercera.com\/etiqueta\/ufc\/\" target=\"_blank\" rel=\"noreferrer nofollow noopener\" title=\"https:\/\/www.latercera.com\/etiqueta\/ufc\/\"><b>UFC<\/b><\/a>. La Jaula protagonizar\u00e1 uno de los duelos de la cartelera principal de UFC Fight Night que se disputar\u00e1 en Bak\u00fa, Azerbaiy\u00e1n, donde<b> se medir\u00e1 ante el local Rafael Fiziev (11)<\/b>, en lo que ser\u00e1 la pelea m\u00e1s importante de su carrera.<\/p>\n<p class=\"article-body__paragraph\">El chileno llegar\u00e1 al Baku Crystal Hall para enfrentar al azer\u00ed (nacido en Kazajist\u00e1n) de 32 a\u00f1os, quien es uno de los m\u00e1ximos exponentes de la categor\u00eda. <b>La Jaula tendr\u00e1 la oportunidad de seguir escalando en los pesos ligeros.<\/b> Ambos competir\u00e1n en la pelea co-estelar del evento denominado como UFC Bak\u00fa.<\/p>\n<p class=\"article-body__paragraph\">Bahamondes buscar\u00e1 un nuevo triunfo en la antesala del enfrentamiento entre Jamahal Hill y Khalil Rountree Jr., por la divisi\u00f3n semi-pesado. En ese sentido,<b> el nacional acumula tres victorias seguidas en la UFC<\/b>, de las cuales ninguna ha llegado al tercer round. De hecho, en la \u00faltima, en el UFC 313 disputado de marzo, someti\u00f3 a Jalin Turner en el primer asalto. <\/p>\n<p class=\"article-body__paragraph\"><b>Esto le permiti\u00f3 escalar al top 15 del ranking del peso ligero<\/b>. Sin embargo, en abril, fue eliminado de la lista para el ingreso del espa\u00f1ol Joel \u00c1lvarez, que no compite desde diciembre de 2024. Fue una medida pol\u00e9mica, que llam\u00f3 la atenci\u00f3n en el mundo de las artes marciales mixtas. <b>Ahora, en caso de vencer a Fiziev, la Jaula dar\u00e1 un salto hist\u00f3rico al top 10 de la categor\u00eda, convirti\u00e9ndose en un serio aspirante en el camino al t\u00edtulo<\/b>. El azer\u00ed viene de tres derrotas consecutivas, aunque dos de ellas fueron ante Justin Gaethje, el n\u00famero tres de la divisi\u00f3n.<\/p>\n<p class=\"article-body__paragraph\">\u201cHe escuchado a mucha gente decir que mi pelea con Rafael Fiziev no es el main event (pelea estelar),<b> pero para la gente es el verdadero main event<\/b>\u201d, asegur\u00f3 Bahamondes antes de la pelea. \u201c<b>Me gusta la presi\u00f3n, me gusta que los ojos est\u00e9n puestos sobre m\u00ed. Los diamantes se crean con presi\u00f3n y soy un diamante, es m\u00ed tiempo y momento<\/b>\u201d, a\u00f1adi\u00f3.<\/p>\n<p>Los sencillos or\u00edgenes de La Jaula <\/p>\n<p class=\"article-body__paragraph\">En la previa a la pelea, Bahamondes protagoniz\u00f3 un reportaje de UFC Or\u00edgenes, un programa que entrega detalles sobre las historias de los peleadores. Ah\u00ed cont\u00f3 sobre sus primeros pasos y las dificultades que tuvo antes de tener \u00e9xito en la disciplina.<\/p>\n<p class=\"article-body__paragraph\">\u201cMe qued\u00e9 solo. <b>Estaba en un lugar donde no conoc\u00eda a nadie. Lo pas\u00e9 horrible las dos primeras semanas, llorando antes de dormir, extra\u00f1ando a mi familia<\/b>\u201c, cont\u00f3 sobre su dura llegada a Miami.<\/p>\n<p class=\"article-body__paragraph\">En ese contexto es que realiz\u00f3 una sentida confesi\u00f3n, en la que asegur\u00f3 que ten\u00eda que recoger monedas desde el piso. <b>\u201cPor temas de espacios tuve que ir a vivir al gimnasio, acostarme sin tener qu\u00e9 comer<\/b>, sin tener con qui\u00e9n hablar. <b>Con un amigo<\/b> <b>ten\u00edamos que andar en la calle buscando las moneditas de a peso en el piso a ver si nos pod\u00edamos hacer tres d\u00f3lares<\/b>. <b>Nos compr\u00e1bamos una Arizona y un pan de queso. Eso lo divid\u00edamos y cen\u00e1bamos eso<\/b>\u201c, cont\u00f3.<\/p>\n<p class=\"article-body__paragraph\">\u201cAl otro d\u00eda nos levant\u00e1bamos y entren\u00e1bamos como perros. Con el est\u00f3mago hambriento entren\u00e1bamos m\u00e1s duro\u201c, cerr\u00f3 el peleador chileno.<\/p>\n","protected":false},"excerpt":{"rendered":"Ignacio Bahamondes enfrentar\u00e1 un nuevo gran desaf\u00edo en la UFC. La Jaula protagonizar\u00e1 uno de los duelos de&hellip;\n","protected":false},"author":2,"featured_media":156735,"comment_status":"","ping_status":"","sticky":false,"template":"","format":"standard","meta":{"footnotes":""},"categories":[276],"tags":[4555,17707,36481,168,25,24,3493,46863,46862,46864,23,167,343,46861,14677],"class_list":{"0":"post-156734","1":"post","2":"type-post","3":"status-publish","4":"format-standard","5":"has-post-thumbnail","7":"category-ufc","8":"tag-artes-marciales-mixtas","9":"tag-azerbaiyan","10":"tag-baku","11":"tag-deportes","12":"tag-es","13":"tag-espana","14":"tag-ignacio-bahamondes","15":"tag-ignacio-la-jaula-bahamondes","16":"tag-la-jaula","17":"tag-rafael-fiziev","18":"tag-spain","19":"tag-sports","20":"tag-ufc","21":"tag-ufc-baku","22":"tag-ufc-night-fight"},"share_on_mastodon":{"url":"","error":""},"_links":{"self":[{"href":"https:\/\/www.europesays.com\/es\/wp-json\/wp\/v2\/posts\/156734","targetHints":{"allow":["GET"]}}],"collection":[{"href":"https:\/\/www.europesays.com\/es\/wp-json\/wp\/v2\/posts"}],"about":[{"href":"https:\/\/www.europesays.com\/es\/wp-json\/wp\/v2\/types\/post"}],"author":[{"embeddable":true,"href":"https:\/\/www.europesays.com\/es\/wp-json\/wp\/v2\/users\/2"}],"replies":[{"embeddable":true,"href":"https:\/\/www.europesays.com\/es\/wp-json\/wp\/v2\/comments?post=156734"}],"version-history":[{"count":0,"href":"https:\/\/www.europesays.com\/es\/wp-json\/wp\/v2\/posts\/156734\/revisions"}],"wp:featuredmedia":[{"embeddable":true,"href":"https:\/\/www.europesays.com\/es\/wp-json\/wp\/v2\/media\/156735"}],"wp:attachment":[{"href":"https:\/\/www.europesays.com\/es\/wp-json\/wp\/v2\/media?parent=156734"}],"wp:term":[{"taxonomy":"category","embeddable":true,"href":"https:\/\/www.europesays.com\/es\/wp-json\/wp\/v2\/categories?post=156734"},{"taxonomy":"post_tag","embeddable":true,"href":"https:\/\/www.europesays.com\/es\/wp-json\/wp\/v2\/tags?post=156734"}],"curies":[{"name":"wp","href":"https:\/\/api.w.org\/{rel}","templated":true}]}}