{"id":156736,"date":"2025-10-04T16:16:09","date_gmt":"2025-10-04T16:16:09","guid":{"rendered":"https:\/\/www.europesays.com\/es\/156736\/"},"modified":"2025-10-04T16:16:09","modified_gmt":"2025-10-04T16:16:09","slug":"el-mecanico-de-evenepoel-critica-el-segundo-cambio-de-bici-del-belga","status":"publish","type":"post","link":"https:\/\/www.europesays.com\/es\/156736\/","title":{"rendered":"El mec\u00e1nico de Evenepoel critica el segundo cambio de bici del belga"},"content":{"rendered":"<p data-gtm-element-container=\"modulo-texto-link\" class=\"paragraph\">El <strong>Mundial de Ruanda 2025<\/strong> de ciclismo tuvo un final agridulce para<strong>\u00a0Remco Evenepoel<\/strong>. Pese a finalizar en <strong>segunda posici\u00f3n<\/strong>, la plata le supo a poco, ya que se vio lastrado por un problema mec\u00e1nico en su bicicleta.\u00a0<\/p>\n<p data-gtm-element-container=\"modulo-texto-link\" class=\"paragraph\">El ciclista belga <strong>cambi\u00f3 de bici dos veces<\/strong> durante el recorrido.\u00a0<\/p>\n<p data-gtm-element-container=\"modulo-texto-link\" class=\"paragraph\">La primera porque <strong>impact\u00f3 con un bache<\/strong> en la vuelta larga hacia el Mont Kigali y su <strong>sill\u00edn se inclin\u00f3<\/strong> peligrosamente. Era, por lo tanto, un cambio obligado.<\/p>\n<p data-gtm-element-container=\"modulo-texto-link\" class=\"paragraph\">Sin embargo, el segundo es el que ha causado<strong> mayor revuelo<\/strong>. La bicicleta de repuesto inicial deber\u00eda haber solucionado el fortuito contratiempo sufrido, pero, poco despu\u00e9s, <strong>Evenepoel volvi\u00f3 a reclamar<\/strong>, frustrado y visiblemente enfadado, <strong>otro cambio m\u00e1s<\/strong>.<\/p>\n<p>    Lee tambi\u00e9n<\/p>\n<p data-gtm-element-container=\"modulo-texto-link\" class=\"paragraph\">Ante las quejas de <strong>Remco<\/strong>, que le <strong>ech\u00f3 de nuevo la culpa al sill\u00edn<\/strong>,\u00a0 el mec\u00e1nico y a la vez primo del belga,\u00a0<strong>Dario Kloeck<\/strong>, mostr\u00f3 su <strong>disconformidad<\/strong>. En unas declaraciones al peri\u00f3dico flamenco <strong>\u00abHet\u00a0Laatste Nieuws\u00bb<\/strong> despu\u00e9s de la prueba,\u00a0Kloeck afirm\u00f3 que \u00ab<strong>medimos tres veces<\/strong> la altura del sill\u00edn de la bici de repuesto (antes de la carrera) y <strong>no hab\u00eda nada mal<\/strong>\u00ab.\u00a0<\/p>\n<p data-gtm-element-container=\"modulo-texto-link\" class=\"paragraph\">El mec\u00e1nico consider\u00f3 que la decisi\u00f3n del bicampe\u00f3n ol\u00edmpico le supuso una <strong>p\u00e9rdida de tiempo \u00abinnecesaria\u00bb<\/strong>. \u00ab<strong>El sill\u00edn estaba bien.<\/strong> Es frustrante, es una pena\u00bb, a\u00f1adi\u00f3.\u00a0<\/p>\n<p data-gtm-element-container=\"modulo-texto-link\" class=\"paragraph\">A su vez, el periodista neerland\u00e9s\u00a0<strong>Thijs Zonneveld <\/strong>habl\u00f3 de manera cr\u00edtica en el podcast In De Waaier sobre la actitud de <strong>Remco Evenepoel<\/strong> durante los cambios de bicicleta. \u00abEmpez\u00f3 a quejarse de su bici, y <strong>no me gust\u00f3 c\u00f3mo lo gestion\u00f3<\/strong>. Y creo que sobraban esos gestos con los brazos. [&#8230;] Se sinti\u00f3 derrotado y <strong>se quej\u00f3 como un ni\u00f1o peque\u00f1o<\/strong>\u201d, asegur\u00f3.<\/p>\n","protected":false},"excerpt":{"rendered":"El Mundial de Ruanda 2025 de ciclismo tuvo un final agridulce para\u00a0Remco Evenepoel. Pese a finalizar en segunda&hellip;\n","protected":false},"author":2,"featured_media":156737,"comment_status":"","ping_status":"","sticky":false,"template":"","format":"standard","meta":{"footnotes":""},"categories":[273],"tags":[313,312,168,25,24,23,167],"class_list":{"0":"post-156736","1":"post","2":"type-post","3":"status-publish","4":"format-standard","5":"has-post-thumbnail","7":"category-ciclismo","8":"tag-ciclismo","9":"tag-cycling","10":"tag-deportes","11":"tag-es","12":"tag-espana","13":"tag-spain","14":"tag-sports"},"share_on_mastodon":{"url":"","error":""},"_links":{"self":[{"href":"https:\/\/www.europesays.com\/es\/wp-json\/wp\/v2\/posts\/156736","targetHints":{"allow":["GET"]}}],"collection":[{"href":"https:\/\/www.europesays.com\/es\/wp-json\/wp\/v2\/posts"}],"about":[{"href":"https:\/\/www.europesays.com\/es\/wp-json\/wp\/v2\/types\/post"}],"author":[{"embeddable":true,"href":"https:\/\/www.europesays.com\/es\/wp-json\/wp\/v2\/users\/2"}],"replies":[{"embeddable":true,"href":"https:\/\/www.europesays.com\/es\/wp-json\/wp\/v2\/comments?post=156736"}],"version-history":[{"count":0,"href":"https:\/\/www.europesays.com\/es\/wp-json\/wp\/v2\/posts\/156736\/revisions"}],"wp:featuredmedia":[{"embeddable":true,"href":"https:\/\/www.europesays.com\/es\/wp-json\/wp\/v2\/media\/156737"}],"wp:attachment":[{"href":"https:\/\/www.europesays.com\/es\/wp-json\/wp\/v2\/media?parent=156736"}],"wp:term":[{"taxonomy":"category","embeddable":true,"href":"https:\/\/www.europesays.com\/es\/wp-json\/wp\/v2\/categories?post=156736"},{"taxonomy":"post_tag","embeddable":true,"href":"https:\/\/www.europesays.com\/es\/wp-json\/wp\/v2\/tags?post=156736"}],"curies":[{"name":"wp","href":"https:\/\/api.w.org\/{rel}","templated":true}]}}