{"id":156738,"date":"2025-10-04T16:17:09","date_gmt":"2025-10-04T16:17:09","guid":{"rendered":"https:\/\/www.europesays.com\/es\/156738\/"},"modified":"2025-10-04T16:17:09","modified_gmt":"2025-10-04T16:17:09","slug":"la-fia-investiga-a-williams-y-sainz-apunta-a-descalificacion","status":"publish","type":"post","link":"https:\/\/www.europesays.com\/es\/156738\/","title":{"rendered":"La FIA investiga a Williams y Sainz apunta a descalificaci\u00f3n"},"content":{"rendered":"<p>Noticias relacionadas<a href=\"https:\/\/as.com\/motor\/formula_1\/russell-vuela-verstappen-asusta-y-alonso-salva-los-muebles-n\/\" class=\"s_m_w\" title=\"Pole del ingl\u00e9s con el Mercedes por delante de Max y Piastri. Norris sufre (5\u00ba). Fernando, 10\u00ba tras unos Libres 3 preocupantes. Sainz, 13\u00ba.\" data-tb-link=\"\" rel=\"nofollow noopener\" target=\"_blank\"><img decoding=\"async\" src=\"https:\/\/www.europesays.com\/es\/wp-content\/uploads\/2025\/10\/6JDCFWRLOJJDZCYF7MTIT7NR7Y.jpg\" alt=\"Russell vuela, Verstappen asusta y Alonso salva los muebles\" class=\"\" height=\"1\" width=\"1\"   loading=\"lazy\" data-tb-thumbnail=\"\"\/><\/a><a href=\"https:\/\/as.com\/motor\/formula_1\/alonso-despierta-a-aston-puede-que-no-merezcamos-los-puntos-n\/\" class=\"s_m_w\" title=\"\u201cCambiamos cosas en el \u2018set-up\u2019 e hicimos el coche m\u00e1s lento\u201d, lamenta Fernando, 10\u00ba en parrilla tras un viernes ilusionante. \u201cLos puntos son dif\u00edciles\u201d, asegura a AS.\" data-tb-link=\"\" rel=\"nofollow noopener\" target=\"_blank\"><img decoding=\"async\" src=\"https:\/\/www.europesays.com\/es\/wp-content\/uploads\/2025\/10\/NW3SIJ7KANCS3HMFBVSNIKM4IU.jpg\" alt=\"Alonso despierta a Aston: \u201cPuede que no merezcamos los puntos...\u201d\" class=\"\" height=\"1\" width=\"1\"   loading=\"lazy\" data-tb-thumbnail=\"\"\/><\/a><\/p>\n<p class=\"\">Albon (12\u00ba) y Sainz (13\u00ba) fueron eliminados en la Q2, pero su s\u00e1bado en Singapur pronto pas\u00f3 de casta\u00f1o a oscuro.<b> La FIA investiga a los dos Williams <\/b>por irregularidades en el aler\u00f3n trasero de ambos FW47. \u201cLas posiciones ajustables del elemento superior fueron revisadas y en los dos coches se excedi\u00f3 el l\u00edmite m\u00e1ximo de 85 mil\u00edmetros en ambos laterales de la parte exterior del aler\u00f3n\u201d. Como esta medida va contra el art\u00edculo 3.10.10g del reglamento t\u00e9cnico, el delegado t\u00e9cnico de la FIA, Jo Bauer, deja el asunto en manos de los comisarios. <\/p>\n<p class=\"\">A falta de oficialidad, no hay blancos ni grises en esta clase de situaciones. Ambos coches ser\u00e1n descalificados y <b>deber\u00e1n salir a la parrilla en la 19\u00aa y 20\u00aa posici\u00f3n, <\/b>respectivamente. Aunque puede que a Williams le compense partir desde el pit-lane para hacer cambios en el set-up pensando en una remontada tan dif\u00edcil como improbable. <\/p>\n","protected":false},"excerpt":{"rendered":"Noticias relacionadas Albon (12\u00ba) y Sainz (13\u00ba) fueron eliminados en la Q2, pero su s\u00e1bado en Singapur pronto&hellip;\n","protected":false},"author":2,"featured_media":156739,"comment_status":"","ping_status":"","sticky":false,"template":"","format":"standard","meta":{"footnotes":""},"categories":[270],"tags":[168,25,24,306,271,272,23,167],"class_list":{"0":"post-156738","1":"post","2":"type-post","3":"status-publish","4":"format-standard","5":"has-post-thumbnail","7":"category-formula-1","8":"tag-deportes","9":"tag-es","10":"tag-espana","11":"tag-f1","12":"tag-formula-1","13":"tag-formula1","14":"tag-spain","15":"tag-sports"},"share_on_mastodon":{"url":"","error":""},"_links":{"self":[{"href":"https:\/\/www.europesays.com\/es\/wp-json\/wp\/v2\/posts\/156738","targetHints":{"allow":["GET"]}}],"collection":[{"href":"https:\/\/www.europesays.com\/es\/wp-json\/wp\/v2\/posts"}],"about":[{"href":"https:\/\/www.europesays.com\/es\/wp-json\/wp\/v2\/types\/post"}],"author":[{"embeddable":true,"href":"https:\/\/www.europesays.com\/es\/wp-json\/wp\/v2\/users\/2"}],"replies":[{"embeddable":true,"href":"https:\/\/www.europesays.com\/es\/wp-json\/wp\/v2\/comments?post=156738"}],"version-history":[{"count":0,"href":"https:\/\/www.europesays.com\/es\/wp-json\/wp\/v2\/posts\/156738\/revisions"}],"wp:featuredmedia":[{"embeddable":true,"href":"https:\/\/www.europesays.com\/es\/wp-json\/wp\/v2\/media\/156739"}],"wp:attachment":[{"href":"https:\/\/www.europesays.com\/es\/wp-json\/wp\/v2\/media?parent=156738"}],"wp:term":[{"taxonomy":"category","embeddable":true,"href":"https:\/\/www.europesays.com\/es\/wp-json\/wp\/v2\/categories?post=156738"},{"taxonomy":"post_tag","embeddable":true,"href":"https:\/\/www.europesays.com\/es\/wp-json\/wp\/v2\/tags?post=156738"}],"curies":[{"name":"wp","href":"https:\/\/api.w.org\/{rel}","templated":true}]}}