{"id":156750,"date":"2025-10-04T16:28:07","date_gmt":"2025-10-04T16:28:07","guid":{"rendered":"https:\/\/www.europesays.com\/es\/156750\/"},"modified":"2025-10-04T16:28:07","modified_gmt":"2025-10-04T16:28:07","slug":"sofia-palazuelo-se-viste-con-el-color-de-la-temporada-diseno-made-in-spain-tras-el-bautizo-de-su-tercer-hijo","status":"publish","type":"post","link":"https:\/\/www.europesays.com\/es\/156750\/","title":{"rendered":"Sof\u00eda Palazuelo se viste con el color de la temporada: dise\u00f1o \u2018made in Spain\u2019 tras el bautizo de su tercer hijo"},"content":{"rendered":"<p>Su presencia en la boda del t\u00edo de su marido es importante, ya que supone su reaparici\u00f3n en un gran acontecimiento social <strong>tras dar a luz a su tercer hijo el pasado 10 de septiembre<\/strong>. Al peque\u00f1o <strong>Fernando<\/strong>, el primer ni\u00f1o del matrimonio, lo bautizaron precisamente <strong>el viernes en el palacio de Liria<\/strong> en una ceremonia privada en la que no solo \u00e9l fue el protagonista, comparti\u00f3 este especial momento con su primo <strong>Fadrique<\/strong>, el segundo hijo de <a href=\"https:\/\/www.revistavanityfair.es\/articulos\/belen-corsini-y-carlos-fitz-james-hijo-edad-profesiones\" rel=\"nofollow noopener\" target=\"_blank\">Carlos Fitz-James Stuart y Bel\u00e9n Corsini<\/a>, pareja a la que, por cierto, se ha echado de menos <a href=\"https:\/\/www.revistavanityfair.es\/galerias\/boda-cayetano-martinez-de-irujo-barbara-mirjan-invitados\" rel=\"nofollow noopener\" target=\"_blank\">en la boda<\/a>. En caso de haber asistido, han logrado despistar a los fot\u00f3grafos, o puede que hayan optado por quedarse en Madrid tras el bautizo del peque\u00f1o de la casa.<\/p>\n<p>De Tana Rivera a Olivia de Borb\u00f3n o Butrague\u00f1o: los invitados a la boda de Cayetano Mart\u00ednez de Irujo y B\u00e1rbara Mirjan<\/p>\n<p>ana<\/p>\n<p>Paloma Segrelles, espectacular de fucsia<\/p>\n<p>Paloma Segrelles ha elegido un favorecedor vestido fucsia con manga murci\u00e9lago y tocado y bolso a juego.<\/p>\n","protected":false},"excerpt":{"rendered":"Su presencia en la boda del t\u00edo de su marido es importante, ya que supone su reaparici\u00f3n en&hellip;\n","protected":false},"author":2,"featured_media":156751,"comment_status":"","ping_status":"","sticky":false,"template":"","format":"standard","meta":{"footnotes":""},"categories":[91],"tags":[3164,261,146,147,25,24,18761,18759,23],"class_list":{"0":"post-156750","1":"post","2":"type-post","3":"status-publish","4":"format-standard","5":"has-post-thumbnail","7":"category-entretenimiento","8":"tag-bodas","9":"tag-cayetano-martinez-de-irujo","10":"tag-entertainment","11":"tag-entretenimiento","12":"tag-es","13":"tag-espana","14":"tag-fernando-fitz-james-stuart","15":"tag-sofia-palazuelo","16":"tag-spain"},"share_on_mastodon":{"url":"","error":""},"_links":{"self":[{"href":"https:\/\/www.europesays.com\/es\/wp-json\/wp\/v2\/posts\/156750","targetHints":{"allow":["GET"]}}],"collection":[{"href":"https:\/\/www.europesays.com\/es\/wp-json\/wp\/v2\/posts"}],"about":[{"href":"https:\/\/www.europesays.com\/es\/wp-json\/wp\/v2\/types\/post"}],"author":[{"embeddable":true,"href":"https:\/\/www.europesays.com\/es\/wp-json\/wp\/v2\/users\/2"}],"replies":[{"embeddable":true,"href":"https:\/\/www.europesays.com\/es\/wp-json\/wp\/v2\/comments?post=156750"}],"version-history":[{"count":0,"href":"https:\/\/www.europesays.com\/es\/wp-json\/wp\/v2\/posts\/156750\/revisions"}],"wp:featuredmedia":[{"embeddable":true,"href":"https:\/\/www.europesays.com\/es\/wp-json\/wp\/v2\/media\/156751"}],"wp:attachment":[{"href":"https:\/\/www.europesays.com\/es\/wp-json\/wp\/v2\/media?parent=156750"}],"wp:term":[{"taxonomy":"category","embeddable":true,"href":"https:\/\/www.europesays.com\/es\/wp-json\/wp\/v2\/categories?post=156750"},{"taxonomy":"post_tag","embeddable":true,"href":"https:\/\/www.europesays.com\/es\/wp-json\/wp\/v2\/tags?post=156750"}],"curies":[{"name":"wp","href":"https:\/\/api.w.org\/{rel}","templated":true}]}}