{"id":156760,"date":"2025-10-04T16:33:18","date_gmt":"2025-10-04T16:33:18","guid":{"rendered":"https:\/\/www.europesays.com\/es\/156760\/"},"modified":"2025-10-04T16:33:18","modified_gmt":"2025-10-04T16:33:18","slug":"inscripciones-fake-impidieron-ir-a-los-que-querian-hacerlo","status":"publish","type":"post","link":"https:\/\/www.europesays.com\/es\/156760\/","title":{"rendered":"Inscripciones &#8216;fake&#8217; impidieron ir a los que quer\u00edan hacerlo"},"content":{"rendered":"<p>            Vox ve \u00abboicot\u00bb en el pinchazo del Padre Guilherme en el Auditorio: \u00abInscripciones &#8216;fake&#8217; impidieron ir a los que quer\u00edan hacerlo\u00bb                <\/p>\n<p>Vox ve \u00abboicot\u00bb en el pinchazo del Padre Guilherme en el Auditorio: \u00abInscripciones &#8216;fake&#8217; impidieron ir a los que quer\u00edan hacerlo\u00bb<\/p>\n<p class=\"epigraph\">Julio Calvo indica que se registr\u00f3 un \u00abaluvi\u00f3n de peticiones\u00bb en unas horas, como si obedeciera a una consigna lanzada desde las redes.\u00a0\u00a0<\/p>\n<p>                <img decoding=\"async\" loading=\"lazy\" src=\"https:\/\/www.europesays.com\/es\/wp-content\/uploads\/2025\/08\/monica-fuentes.jpeg\" class=\"author-image\" width=\"120\" height=\"120\" alt=\"M\u00f3nica Fuentes\"\/><\/p>\n<p>        <a href=\"https:\/\/www.henneo.com\/\" title=\"Grupo Henneo\" class=\"logo\" rel=\"nofollow noopener\" target=\"_blank\"><br \/>\n            <img decoding=\"async\" src=\"https:\/\/www.heraldo.es\/images\/logo_henneo_gris.svg\" alt=\"Logo Henneo\" width=\"559\" height=\"389\" loading=\"lazy\"\/><br \/>\n        <\/a><\/p>\n<p>\u00a9 HERALDO DE ARAGON EDITORA, S.L.U.<br \/>Tel\u00e9fono 976 765 000 \/ &#8211; P\u00ba. Independencia, 29, 50001 Zaragoza &#8211; CIF: B99288763 &#8211; Inscrita en el Registro Mercantil de Zaragoza al Tomo 3796, Libro 0, Folio 177, Secci\u00f3n 8, Hoja Z-50564<br \/>Queda prohibida toda reproducci\u00f3n sin permiso escrito de la empresa a los efectos del art\u00edculo 32.1, p\u00e1rrafo segundo, de la Ley de Propiedad Intelectual<\/p>\n<p>\n                P\u00ba Independencia, 29, 50001 Zaragoza<br \/> Tel\u00e9fono 976 765 000\n            <\/p>\n<p>                    Actualmente tu navegador no permite ejecutar JavaScript. Para poder disfrutar de nuestro contenido es necesario que lo permita.<br \/>\n                                        <img decoding=\"async\" loading=\"lazy\" alt=\"Heraldo logo\" src=\"https:\/\/dkumiip2e9ary.cloudfront.net\/xalok\/heraldo\/especiales\/hola-de-nuevo\/logo-heraldo.svg\" width=\"215\" height=\"43\"\/><\/p>\n","protected":false},"excerpt":{"rendered":"Vox ve \u00abboicot\u00bb en el pinchazo del Padre Guilherme en el Auditorio: \u00abInscripciones &#8216;fake&#8217; impidieron ir a los&hellip;\n","protected":false},"author":2,"featured_media":156761,"comment_status":"","ping_status":"","sticky":false,"template":"","format":"standard","meta":{"footnotes":""},"categories":[5],"tags":[24118,17,18,25,24,13,14,8011,11,46865,19896,19,20,9,10,15,16,46866,23,12,21,22],"class_list":{"0":"post-156760","1":"post","2":"type-post","3":"status-publish","4":"format-standard","5":"has-post-thumbnail","7":"category-titulares","8":"tag-auditorio","9":"tag-breaking-news","10":"tag-breakingnews","11":"tag-es","12":"tag-espana","13":"tag-featured-news","14":"tag-featurednews","15":"tag-guilherme","16":"tag-headlines","17":"tag-impidieron","18":"tag-inscripciones","19":"tag-latest-news","20":"tag-latestnews","21":"tag-news","22":"tag-noticias","23":"tag-noticias-destacadas","24":"tag-noticiasdestacadas","25":"tag-pinchazo","26":"tag-spain","27":"tag-titulares","28":"tag-ultimas-noticias","29":"tag-ultimasnoticias"},"share_on_mastodon":{"url":"","error":""},"_links":{"self":[{"href":"https:\/\/www.europesays.com\/es\/wp-json\/wp\/v2\/posts\/156760","targetHints":{"allow":["GET"]}}],"collection":[{"href":"https:\/\/www.europesays.com\/es\/wp-json\/wp\/v2\/posts"}],"about":[{"href":"https:\/\/www.europesays.com\/es\/wp-json\/wp\/v2\/types\/post"}],"author":[{"embeddable":true,"href":"https:\/\/www.europesays.com\/es\/wp-json\/wp\/v2\/users\/2"}],"replies":[{"embeddable":true,"href":"https:\/\/www.europesays.com\/es\/wp-json\/wp\/v2\/comments?post=156760"}],"version-history":[{"count":0,"href":"https:\/\/www.europesays.com\/es\/wp-json\/wp\/v2\/posts\/156760\/revisions"}],"wp:featuredmedia":[{"embeddable":true,"href":"https:\/\/www.europesays.com\/es\/wp-json\/wp\/v2\/media\/156761"}],"wp:attachment":[{"href":"https:\/\/www.europesays.com\/es\/wp-json\/wp\/v2\/media?parent=156760"}],"wp:term":[{"taxonomy":"category","embeddable":true,"href":"https:\/\/www.europesays.com\/es\/wp-json\/wp\/v2\/categories?post=156760"},{"taxonomy":"post_tag","embeddable":true,"href":"https:\/\/www.europesays.com\/es\/wp-json\/wp\/v2\/tags?post=156760"}],"curies":[{"name":"wp","href":"https:\/\/api.w.org\/{rel}","templated":true}]}}