{"id":156762,"date":"2025-10-04T16:34:15","date_gmt":"2025-10-04T16:34:15","guid":{"rendered":"https:\/\/www.europesays.com\/es\/156762\/"},"modified":"2025-10-04T16:34:15","modified_gmt":"2025-10-04T16:34:15","slug":"la-cartelera-deportiva-de-este-sabado-viene-con-rugby-futbol-y-balonmano","status":"publish","type":"post","link":"https:\/\/www.europesays.com\/es\/156762\/","title":{"rendered":"La cartelera deportiva de este s\u00e1bado viene con rugby, f\u00fatbol y balonmano"},"content":{"rendered":"<p>Los aficionados al deporte en general y al rugby, f\u00fatbol o balonmano en particular tienen esta tarde de s\u00e1bado una cartelera deportiva intensa y muy  &#8230; interesante.<\/p>\n<p class=\"v-p\">En las instalaciones de Asti se juegan dos importantes partidos, en el campo de rugby arranca la competici\u00f3n en Divisi\u00f3n de Honor B y en el de f\u00fatbol juega el Tercera Federaci\u00f3n.<\/p>\n<p class=\"v-p\">Por su parte la cancha del polideportivo Aritzbatalde tiene doble sesi\u00f3n con los dos m\u00e1ximos exponentes de la secci\u00f3n de balonmano del Zarautz KE jugando uno detr\u00e1s del otro.<\/p>\n<p>\nLos duelos son contra Getxo en rugby y A\u00f1orga en f\u00fatbol en Asti, y Eibar y Ereintza en balonmano en el Aritzbatalde\n<\/p>\n<p>Visita del Getxo<\/p>\n<p class=\"v-p\">La jornada vespertina comienza en Asti con el primer partido de liga para el Gesalaga Okelan Gipuzkoa Sortzen ante uno de los rivales m\u00e1s fuertes del Grupo A de Divisi\u00f3n de Honor B, el Getxo, a partir de las 16.00 horas. <\/p>\n<p class=\"v-p\">La gran novedad en el equipo es que hay nuevo entrenador principal y de tres cuartos en sustituci\u00f3n de Fran Puertas, quien ha dirigido el equipo durante estas tres \u00faltimas temporadas. Se trata del vasco frac\u00e9s Francois Meyrans &#8216;Pantxoa&#8217;. El baionatarra contar\u00e1 con la colaboraci\u00f3n de Facundo Orive que continuar\u00e1 como ayudante y preparador de los delanteros. <\/p>\n<p class=\"v-p\">Pantxoa se encargar\u00e1 del seguimiento y coordinaci\u00f3n del segundo equipo y tambi\u00e9n del tercer equipo, aunque este est\u00e1 muy justo de jugadores. Fran\u00e7ois Meyranx, de 52 a\u00f1os, es un entrenador experimentado. Lleva veinte a\u00f1os ejerciendo de entrenador, en equipos como el Baiona o el Saint-Jean-de-Luz Olympique, entre otros, tanto con jugadores y jugadoras, como con equipos de base. En su etapa como jugador milit\u00f3 entre otros equipos, en el Bera-Bera como medio mel\u00e9. <\/p>\n<p class=\"v-p\">En cuanto a la competici\u00f3n se refiere, el Grupo A se compone de 8 equipos que jugar\u00e1n liga a doble vuelta y los tres primeros pasar\u00e1n a disputar la fase de ascenso. Ese ser\u00e1 el objetivo del equipo. <\/p>\n<p class=\"v-p\">Como \u00fanico representante de Gipuzkoa se enfrentar\u00e1 a los vizca\u00ednos del Getxo y Universitario Bilbao, adem\u00e1s del Gaztedi, La \u00danica, Oviedo, Santander y Aranda. <\/p>\n<p class=\"v-p\">En la foto se puede ver al staff t\u00e9cnico del primer equipo preparado para este inicio de liga con Francois Meyrans (entrenador), Idoia Malo (delegada), Irune (nutricionista), Berni (preparador f\u00edsico), Paul Altuna (Manager), Amaia Lizaso (fisioterapeuta) y Facundo Orive (segundo entrenador).<\/p>\n<p>Zarautz-A\u00f1orga de Tercera<\/p>\n<p class=\"v-p\">No lejos del campo de rugby de Asti se juega a las 16.30 el partido de f\u00fatbol correspondiente a la quinta jornada de tercera Federaci\u00f3n entre dos viejos conocidos como son el Zarautz y el A\u00f1orga. <\/p>\n<p class=\"v-p\">Ambos equipos subieron la pasada temporada de Divisi\u00f3n de Honor a Tercera y se vuelven a encontrar esta tarde en un partido muy importante para ambas escuadras pero m\u00e1s si cabe para los nuestros que esta temporada deben de hacerse fuertes en su campo de Asti.<\/p>\n<p class=\"v-p\">No ha sido f\u00e1cil para ninguno de los dos equipos este arranque de liga. Los de Roteta se han mostrado como un grupo s\u00f3lido ante su p\u00fablico, ganando al Aretxabaleta y empatando con la Cultural de Durango. Ese debe de ser el objetivo, sumar el mayor n\u00famero de puntos en casa.<\/p>\n<p class=\"v-p\">Pero vienen de llevarse un varapalo en Portugalete y deber\u00e1n olvidar lo sucedido en La Florida y centrarse en el A\u00f1orga que solo ha sumado un punto en el partido inaugural en casa con el Santurtzi. Es un equipo que saca mucho partido de su campo, Rezola, pero que sufre mucho en sus desplazamientos.<\/p>\n<p>Amenabar y Aiala en casa<\/p>\n<p class=\"v-p\">Los seguidores del balonmano local tienen por su parte doble jornada con los dos primeros equipos jugando en el Aritzbatalde.<\/p>\n<p class=\"v-p\">Las chicas del Aiala Zarautz de Divisi\u00f3n de Honor Plata ser\u00e1n las primeras en saltar a la cancha ya que juegan con el Eibar Eskubaloia a las 17.30. No se estrenaron bien en la primera jornada las nuestras que perdieron claramente con el Beti-Onak, mientras que las armeras ganaron en su cancha de Ipurua al Sinfin Santander, por lo que vendr\u00e1n plet\u00f3ricas de moral. <\/p>\n<p class=\"v-p\">Esperemos que el debut en casa esta temporada para nuestras jugadoras sea positivo y amarren los dos primeros puntos que seguro dan tranquilidad al joven equipo zarauztarra.<\/p>\n<p class=\"v-p\">Una vez finalizado este encuentro llega el de los chicos. En la misma cancha juegan a las 19.30 el Amenabar Zarautz y el Ereintza, un derbi guipuzcoano realmente interesante y emotivo.<\/p>\n<p class=\"v-p\">Los dos equipos han arrancado muy fuertes la competici\u00f3n, por lo que los puntos en juego pueden ser muy importantes m\u00e1s adelante. Los de Kapaxko han ganado todo lo jugado y los de Errenteria solo han dejado escapar un punto.<\/p>\n","protected":false},"excerpt":{"rendered":"Los aficionados al deporte en general y al rugby, f\u00fatbol o balonmano en particular tienen esta tarde de&hellip;\n","protected":false},"author":2,"featured_media":156763,"comment_status":"","ping_status":"","sticky":false,"template":"","format":"standard","meta":{"footnotes":""},"categories":[278],"tags":[376,1013,168,7963,25,24,282,375,4498,3397,23,167,16591],"class_list":{"0":"post-156762","1":"post","2":"type-post","3":"status-publish","4":"format-standard","5":"has-post-thumbnail","7":"category-balonmano","8":"tag-balonmano","9":"tag-cartelera","10":"tag-deportes","11":"tag-deportiva","12":"tag-es","13":"tag-espana","14":"tag-futbol","15":"tag-handball","16":"tag-rugby","17":"tag-sabado","18":"tag-spain","19":"tag-sports","20":"tag-viene"},"share_on_mastodon":{"url":"","error":""},"_links":{"self":[{"href":"https:\/\/www.europesays.com\/es\/wp-json\/wp\/v2\/posts\/156762","targetHints":{"allow":["GET"]}}],"collection":[{"href":"https:\/\/www.europesays.com\/es\/wp-json\/wp\/v2\/posts"}],"about":[{"href":"https:\/\/www.europesays.com\/es\/wp-json\/wp\/v2\/types\/post"}],"author":[{"embeddable":true,"href":"https:\/\/www.europesays.com\/es\/wp-json\/wp\/v2\/users\/2"}],"replies":[{"embeddable":true,"href":"https:\/\/www.europesays.com\/es\/wp-json\/wp\/v2\/comments?post=156762"}],"version-history":[{"count":0,"href":"https:\/\/www.europesays.com\/es\/wp-json\/wp\/v2\/posts\/156762\/revisions"}],"wp:featuredmedia":[{"embeddable":true,"href":"https:\/\/www.europesays.com\/es\/wp-json\/wp\/v2\/media\/156763"}],"wp:attachment":[{"href":"https:\/\/www.europesays.com\/es\/wp-json\/wp\/v2\/media?parent=156762"}],"wp:term":[{"taxonomy":"category","embeddable":true,"href":"https:\/\/www.europesays.com\/es\/wp-json\/wp\/v2\/categories?post=156762"},{"taxonomy":"post_tag","embeddable":true,"href":"https:\/\/www.europesays.com\/es\/wp-json\/wp\/v2\/tags?post=156762"}],"curies":[{"name":"wp","href":"https:\/\/api.w.org\/{rel}","templated":true}]}}