{"id":156764,"date":"2025-10-04T16:35:32","date_gmt":"2025-10-04T16:35:32","guid":{"rendered":"https:\/\/www.europesays.com\/es\/156764\/"},"modified":"2025-10-04T16:35:32","modified_gmt":"2025-10-04T16:35:32","slug":"talavante-es-elegido-triunfador-de-la-feria-de-almodovar-toros","status":"publish","type":"post","link":"https:\/\/www.europesays.com\/es\/156764\/","title":{"rendered":"Talavante es elegido triunfador de la feria de Almod\u00f3var #toros"},"content":{"rendered":"<p>El jurado del Club Taurino &#8216;Almod\u00f3var&#8217; ha emitido el fallo de los diferentes galardones que anualmente concede con motivo de la Feria Taurina de Almod\u00f3var del Campo, cuyo m\u00e1ximo galard\u00f3n este a\u00f1o, el trofeo &#8216;Calatrave\u00f1o&#8217; al triunfador del ciclo, ha reca\u00eddo en el diestro Alejandro Talavante.<\/p>\n<p>El torero extreme\u00f1o ha sido considerado el m\u00e1s destacado del ciclo, merecedor del prestigioso reconocimiento que le ser\u00e1 entregado, junto al resto de premiados, en la noche del pr\u00f3ximo s\u00e1bado 15 de noviembre, durante la cena de gala en El Mesto con que concluir\u00e1 la XXXIV Semana Cultural que organiza el colectivo que preside Carmelo Garc\u00eda.<\/p>\n<p>En esta edici\u00f3n, la figura de Morante de la Puebla ha sido tambi\u00e9n protagonista, en este caso por partida doble, al serle concedidos los trofeos a la mejor faena que lleva el nombre de &#8216;Antonio S\u00e1nchez Puerto&#8217;, y a la mejor estocada del serial, el trofeo &#8216;Paco Camino&#8217;.<\/p>\n<p>El palmar\u00e9s de grandes figuras reconocidas tras la feria septembrina que acogi\u00f3 el Coso Multifuncional &#8216;Las Eras de Marta&#8217; se completa con los trofeos &#8216;Victoriano de la Serna&#8217; al mejor toreo de capa para Juan Ortega y &#8216;Antonio Ca\u00f1ero&#8217; al mejor rejoneador, que ha sido para Sergio Gal\u00e1n.<\/p>\n<p>En cuanto a los subalternos, el trofeo &#8216;Modesto Prado&#8217; al mejor banderillero ha sido para Jos\u00e9 \u00c1ngel Mu\u00f1oz, &#8216;Perico&#8217; y el trofeo &#8216;Michelin&#8217; al mejor subalterno de Brega para Jorge Fuentes.<\/p>\n<p>Adem\u00e1s, el jurado tambi\u00e9n ha fallado el trofeo &#8216;Valle de Alcudia&#8217; al mejor recortador provincial, que ha reca\u00eddo en Jes\u00fas Ponce y especialmente el Memorial &#8216;Reina Rinc\u00f3n&#8217; a Diputaci\u00f3n Provincial de Ciudad Real, en reconocimiento a su firme y decidida apuesta en la defensa de la fiesta de los toros.<\/p>\n<p>Algo que as\u00ed demuestra particularmente con motivo de la celebraci\u00f3n de festejos taurinos como las del D\u00eda de la Provincia que tiene lugar desde hace un par de a\u00f1os, como as\u00ed fue a finales de junio en Almod\u00f3var del Campo y que ha motivado la creaci\u00f3n del trofeo al novillero triunfador del D\u00eda de la Provincia, adjudicado a Adri\u00e1n Reinosa.<\/p>\n","protected":false},"excerpt":{"rendered":"El jurado del Club Taurino &#8216;Almod\u00f3var&#8217; ha emitido el fallo de los diferentes galardones que anualmente concede con&hellip;\n","protected":false},"author":2,"featured_media":156765,"comment_status":"","ping_status":"","sticky":false,"template":"","format":"standard","meta":{"footnotes":""},"categories":[277],"tags":[41562,229,373,1940,168,24223,10243,25,24,712,4317,45561,1392,23,167,625,374,444],"class_list":{"0":"post-156764","1":"post","2":"type-post","3":"status-publish","4":"format-standard","5":"has-post-thumbnail","7":"category-toreo","8":"tag-almodovar-del-campo","9":"tag-arte","10":"tag-bullfighting","11":"tag-ciudad-real","12":"tag-deportes","13":"tag-dia-de-la-provincia","14":"tag-diputacion-de-ciudad-real","15":"tag-es","16":"tag-espana","17":"tag-feria-taurina","18":"tag-la-puebla-de-montalban","19":"tag-michelin","20":"tag-morante-de-la-puebla","21":"tag-spain","22":"tag-sports","23":"tag-tauromaquia","24":"tag-toreo","25":"tag-toros"},"share_on_mastodon":{"url":"","error":""},"_links":{"self":[{"href":"https:\/\/www.europesays.com\/es\/wp-json\/wp\/v2\/posts\/156764","targetHints":{"allow":["GET"]}}],"collection":[{"href":"https:\/\/www.europesays.com\/es\/wp-json\/wp\/v2\/posts"}],"about":[{"href":"https:\/\/www.europesays.com\/es\/wp-json\/wp\/v2\/types\/post"}],"author":[{"embeddable":true,"href":"https:\/\/www.europesays.com\/es\/wp-json\/wp\/v2\/users\/2"}],"replies":[{"embeddable":true,"href":"https:\/\/www.europesays.com\/es\/wp-json\/wp\/v2\/comments?post=156764"}],"version-history":[{"count":0,"href":"https:\/\/www.europesays.com\/es\/wp-json\/wp\/v2\/posts\/156764\/revisions"}],"wp:featuredmedia":[{"embeddable":true,"href":"https:\/\/www.europesays.com\/es\/wp-json\/wp\/v2\/media\/156765"}],"wp:attachment":[{"href":"https:\/\/www.europesays.com\/es\/wp-json\/wp\/v2\/media?parent=156764"}],"wp:term":[{"taxonomy":"category","embeddable":true,"href":"https:\/\/www.europesays.com\/es\/wp-json\/wp\/v2\/categories?post=156764"},{"taxonomy":"post_tag","embeddable":true,"href":"https:\/\/www.europesays.com\/es\/wp-json\/wp\/v2\/tags?post=156764"}],"curies":[{"name":"wp","href":"https:\/\/api.w.org\/{rel}","templated":true}]}}