{"id":156766,"date":"2025-10-04T16:37:15","date_gmt":"2025-10-04T16:37:15","guid":{"rendered":"https:\/\/www.europesays.com\/es\/156766\/"},"modified":"2025-10-04T16:37:15","modified_gmt":"2025-10-04T16:37:15","slug":"mas-de-250-000-e-en-260-botellas-de-champan-vodka-y-conac","status":"publish","type":"post","link":"https:\/\/www.europesays.com\/es\/156766\/","title":{"rendered":"m\u00e1s de 250.000 \u20ac en 260 botellas de champ\u00e1n, vodka y co\u00f1ac"},"content":{"rendered":"<p class=\"paragraph\" id=\"paragraph_1\">La <a href=\"https:\/\/www.elespanol.com\/deportes\/golf\/20250928\/europa-consigue-retener-titulo-ryder-cup-ultima-jornada-infarto\/1003743945187_0.html?utm_cmp_rs=linksinline\" rel=\"nofollow noopener\" target=\"_blank\">gesta de Europa en la <strong>Ryder Cup<\/strong> disputada en <strong>Bethpage Black<\/strong><\/a>, Nueva York, no termin\u00f3 en el green.<\/p>\n<p class=\"paragraph\" id=\"paragraph_2\">Tras asegurar un triunfo hist\u00f3rico en suelo estadounidense, el equipo <a href=\"https:\/\/www.elespanol.com\/deportes\/golf\/20250929\/luke-donald-cerebro-detras-milagro-europeo-ryder-cup-jugador-leyenda-ahora-capitan-historico\/1003743945197_0.html?utm_cmp_rs=linksinline\" rel=\"nofollow noopener\" target=\"_blank\">capitaneado por <strong>Luke Donald<\/strong><\/a> prolong\u00f3 la celebraci\u00f3n hasta altas horas de la madrugada con una fiesta que dif\u00edcilmente olvidar\u00e1n.<\/p>\n<p class=\"paragraph\" id=\"paragraph_3\">El gasto, seg\u00fan The Sun, super\u00f3 los 250.000 euros en bebidas de primer nivel, un dispendio que refleja tanto la magnitud de la victoria como el car\u00e1cter \u00fanico de la ocasi\u00f3n.<\/p>\n<p><img loading=\"lazy\" decoding=\"async\" alt=\"Jon Rahm y su euf\u00f3rica celebraci\u00f3n con aficionados tras ganar la Ryder Cup 2025\" height=\"180\" src=\"https:\/\/www.europesays.com\/es\/wp-content\/uploads\/2025\/10\/1003743945641_259052711_320x180.jpg\" width=\"320\" data-lazy-status=\"processed\" data-lazy-info=\"remove loading item 1\"\/><\/p>\n<p class=\"paragraph\" id=\"paragraph_4\">El coraz\u00f3n de la celebraci\u00f3n estuvo marcado por las <strong>120 botellas de Mo\u00ebt &amp; Chandon Brut Imperial<\/strong>, cada una valorada en unos 1.122 euros, que en total supusieron m\u00e1s de 134.000 euros.<\/p>\n<p class=\"paragraph\" id=\"paragraph_5\">No fue la \u00fanica referencia de la prestigiosa casa francesa. Los jugadores tambi\u00e9n disfrutaron de <strong>60 Mo\u00ebt MCIII y 60 Mo\u00ebt Ros\u00e9<\/strong>, cuya cuenta conjunta ascendi\u00f3 a m\u00e1s de 85.000 euros.<\/p>\n<p class=\"paragraph\" id=\"paragraph_6\">Con esta explosi\u00f3n de burbujas, la <strong>fiesta europea se convirti\u00f3 en un aut\u00e9ntico festival de lujo<\/strong>, brindando una y otra vez por la victoria conseguida en un entorno especialmente hostil.<\/p>\n<p class=\"paragraph\" id=\"paragraph_7\">Durante tres d\u00edas los europeos tuvieron que soportar a un p\u00fablico que no dej\u00f3 de presionar con <strong>abucheos y c\u00e1nticos dirigidos, sobre todo, a Rory McIlroy<\/strong>.<\/p>\n<p>Bebidas premium y exclusivas<\/p>\n<p class=\"paragraph\" id=\"paragraph_8\">El champ\u00e1n no fue suficiente para saciar la euforia del grupo. Tambi\u00e9n hubo lugar para <strong>destilados de alta gama<\/strong>.<\/p>\n<p class=\"paragraph\" id=\"paragraph_9\">La barra incluy\u00f3 botellas de <strong>vodka Belvedere<\/strong> con un coste superior a los 2.160 euros cada una, lo que supuso cerca de 21.000 euros.<\/p>\n<p><img decoding=\"async\" alt=\"Gianfranco Zola, durante la Ryder Cup 2025.\" height=\"180\" loading=\"lazy\" width=\"320\" data-lazy-status=\"processed\" id=\"61a5051d47\" src=\"https:\/\/www.elespanol.com\/deportes\/golf\/20250930\/fiesta-europea-ryder-cup-nueva-york-eur-botellas-champan-vodka-conac\/[\" https:=\"\" data-lazy-info=\"changed src\"\/><\/p>\n<p class=\"paragraph\" id=\"paragraph_10\">Sin embargo, el cap\u00edtulo m\u00e1s llamativo lleg\u00f3 con el co\u00f1ac. Los europeos descorcharon <strong>10 ediciones limitadas de Hennessy 250th Anniversary<\/strong>, cada una con un valor de 2.590 euros.<\/p>\n<p class=\"paragraph\" id=\"paragraph_11\">Por \u00faltimo, lleg\u00f3 la joya de la noche: el exclusivo <strong>Hennessy Richard Lunar New Year 2025<\/strong>, ofrecido a cada jugador y valorado en m\u00e1s de 17.000 euros por botella.<\/p>\n<p>Una familia<\/p>\n<p class=\"paragraph\" id=\"paragraph_12\">Lejos de ser un festejo restringido \u00fanicamente a los golfistas, el capit\u00e1n <strong>Luke Donald<\/strong> quiso que el banquete fuese compartido con <strong>todo el grupo humano que acompa\u00f1\u00f3 al equipo<\/strong> durante la competici\u00f3n.<\/p>\n<p class=\"paragraph\" id=\"paragraph_13\"><strong> Mujeres, parejas, familiares y personal de apoyo<\/strong> tuvieron acceso al mismo despliegue de lujo que los grandes protagonistas de la Ryder Cup.<\/p>\n<p><img decoding=\"async\" alt=\"Rory McIlroy, en la fiesta por la Ryder Cup 2025\" data-imgm=\"true\" height=\"180\" loading=\"lazy\"  src=\"https:\/\/www.europesays.com\/es\/wp-content\/uploads\/2025\/10\/1003743947420_259074452_1024x576.jpg\"  width=\"320\"\/><\/p>\n<p>                                                            Rory McIlroy, en la fiesta por la Ryder Cup 2025<\/p>\n<p>                    Reuters<\/p>\n<p class=\"paragraph\" id=\"paragraph_14\">Un testigo de la celebraci\u00f3n, citado por The Sun, se\u00f1al\u00f3 que \u00ab<strong>era un momento \u00fanico para festejar<\/strong>, porque ganar en suelo americano es un logro enorme para Europa\u00bb.<\/p>\n<p class=\"paragraph\" id=\"paragraph_15\">\u00abTras un fin de semana de tensi\u00f3n y estr\u00e9s, el objetivo era disfrutar y brindar con las mejores bebidas disponibles\u00bb, asegur\u00f3.<\/p>\n<p>Lowry, protagonista<\/p>\n<p class=\"paragraph\" id=\"paragraph_16\">El irland\u00e9s <strong>Shane Lowry<\/strong>, h\u00e9roe en la \u00faltima jornada al <strong>asegurar medio punto decisivo<\/strong> que retuvo la copa, fue tambi\u00e9n protagonista durante la noche.<\/p>\n<p class=\"paragraph\" id=\"paragraph_17\">Con el trofeo en mano, se subi\u00f3 a una mesa para bailar al ritmo de <strong>\u00abI&#8217;m Good (Blue)\u00bb<\/strong> de David Guetta y Bebe Rexha, incluso imitando en un momento el pol\u00e9mico gesto de Emiliano Mart\u00ednez en el Mundial de 2022.<\/p>\n<p class=\"paragraph\" id=\"paragraph_18\">Horas m\u00e1s tarde, Lowry public\u00f3 en sus redes sociales un mensaje breve y contundente: <strong>\u00abCreo que tengo resaca\u00bb<\/strong>, acompa\u00f1ado de un emoji llorando de risa.<\/p>\n<p class=\"paragraph\" id=\"paragraph_19\">El gui\u00f1o confirmaba lo evidente: la resaca de la gloria ten\u00eda tanto de deportiva como de et\u00edlica.<\/p>\n<p>Una victoria especial<\/p>\n<p class=\"paragraph\" id=\"paragraph_20\">La magnitud de la fiesta cobra m\u00e1s sentido al recordar lo que se vivi\u00f3 en Bethpage Black. La escuadra europea soport\u00f3 <strong>un ambiente cargado de insultos, con McIlroy como principal objetivo<\/strong>.<\/p>\n<p class=\"paragraph\" id=\"paragraph_21\">Incluso su esposa, <strong>Erica Stoll<\/strong>, lleg\u00f3 a ser alcanzada por un vaso lanzado desde la grada, lo que oblig\u00f3 a reforzar la seguridad.<\/p>\n<p class=\"paragraph\" id=\"paragraph_22\">El triunfo por 15-13 adquiri\u00f3, por tanto, un valor simb\u00f3lico: no solo significaba recuperar la Ryder Cup en territorio hostil, sino hacerlo frente a una hinchada que no dud\u00f3 en sobrepasar l\u00edmites.<\/p>\n<p><img decoding=\"async\" alt=\"Jon Rahm, durante la pr\u00e1ctica de la Ryder Cup 2025.\" height=\"180\" loading=\"lazy\" width=\"320\" data-lazy-status=\"processed\" id=\"294bffe0c9\" src=\"https:\/\/www.elespanol.com\/deportes\/golf\/20250930\/fiesta-europea-ryder-cup-nueva-york-eur-botellas-champan-vodka-conac\/[\" https:=\"\" data-lazy-info=\"changed src\"\/><\/p>\n<p class=\"paragraph\" id=\"paragraph_23\">Esa tensi\u00f3n acumulada se liber\u00f3 en la noche neoyorquina entre descorches, brindis y bailes desmedidos.<\/p>\n<p class=\"paragraph\" id=\"paragraph_24\">Las im\u00e1genes de McIlroy cantando en el autob\u00fas junto al resto de la expedici\u00f3n, o de Lowry bailando con el trofeo, reflejan la dimensi\u00f3n de la haza\u00f1a.<\/p>\n<p class=\"paragraph\" id=\"paragraph_25\">Lo econ\u00f3mico qued\u00f3 en segundo plano: m\u00e1s de 250.000 euros en bebidas exclusivas se convirtieron en una an\u00e9cdota frente a la magnitud de una victoria que ser\u00e1 recordada por d\u00e9cadas.<\/p>\n","protected":false},"excerpt":{"rendered":"La gesta de Europa en la Ryder Cup disputada en Bethpage Black, Nueva York, no termin\u00f3 en el&hellip;\n","protected":false},"author":2,"featured_media":156767,"comment_status":"","ping_status":"","sticky":false,"template":"","format":"standard","meta":{"footnotes":""},"categories":[275],"tags":[168,25,24,329,896,2624,23,167],"class_list":{"0":"post-156766","1":"post","2":"type-post","3":"status-publish","4":"format-standard","5":"has-post-thumbnail","7":"category-golf","8":"tag-deportes","9":"tag-es","10":"tag-espana","11":"tag-golf","12":"tag-nueva-york","13":"tag-ryder-cup","14":"tag-spain","15":"tag-sports"},"share_on_mastodon":{"url":"","error":""},"_links":{"self":[{"href":"https:\/\/www.europesays.com\/es\/wp-json\/wp\/v2\/posts\/156766","targetHints":{"allow":["GET"]}}],"collection":[{"href":"https:\/\/www.europesays.com\/es\/wp-json\/wp\/v2\/posts"}],"about":[{"href":"https:\/\/www.europesays.com\/es\/wp-json\/wp\/v2\/types\/post"}],"author":[{"embeddable":true,"href":"https:\/\/www.europesays.com\/es\/wp-json\/wp\/v2\/users\/2"}],"replies":[{"embeddable":true,"href":"https:\/\/www.europesays.com\/es\/wp-json\/wp\/v2\/comments?post=156766"}],"version-history":[{"count":0,"href":"https:\/\/www.europesays.com\/es\/wp-json\/wp\/v2\/posts\/156766\/revisions"}],"wp:featuredmedia":[{"embeddable":true,"href":"https:\/\/www.europesays.com\/es\/wp-json\/wp\/v2\/media\/156767"}],"wp:attachment":[{"href":"https:\/\/www.europesays.com\/es\/wp-json\/wp\/v2\/media?parent=156766"}],"wp:term":[{"taxonomy":"category","embeddable":true,"href":"https:\/\/www.europesays.com\/es\/wp-json\/wp\/v2\/categories?post=156766"},{"taxonomy":"post_tag","embeddable":true,"href":"https:\/\/www.europesays.com\/es\/wp-json\/wp\/v2\/tags?post=156766"}],"curies":[{"name":"wp","href":"https:\/\/api.w.org\/{rel}","templated":true}]}}