{"id":156770,"date":"2025-10-04T16:42:18","date_gmt":"2025-10-04T16:42:18","guid":{"rendered":"https:\/\/www.europesays.com\/es\/156770\/"},"modified":"2025-10-04T16:42:18","modified_gmt":"2025-10-04T16:42:18","slug":"luto-en-el-historico-constancia-por-el-fallecimiento-de-biel-martorell","status":"publish","type":"post","link":"https:\/\/www.europesays.com\/es\/156770\/","title":{"rendered":"Luto en el hist\u00f3rico Const\u00e0ncia por el fallecimiento de Biel Martorell"},"content":{"rendered":"<p>Uno de los grandes clubes del <a href=\"https:\/\/www.ultimahora.es\/etiqueta\/f%C3%BAtbol.html?utm_source=Inline-tag&amp;utm_medium=internal\" rel=\"nofollow noopener\" target=\"_blank\">f\u00fatbol<\/a> mallorqu\u00edn ha despedido a uno de sus m\u00e1s estrechos y fieles colaboradores durante una larga cantidad de temporadas. <strong>Un sentimiento de enorme tristeza, pero a la vez de agradecimiento<\/strong> ha invadido a la gran familia del <strong><a href=\"https:\/\/www.ultimahora.es\/etiqueta\/Const%C3%A0ncia.html?utm_source=Inline-tag&amp;utm_medium=internal\" rel=\"nofollow noopener\" target=\"_blank\">Const\u00e0ncia<\/a>, que lamenta el fallecimiento de Biel Martorell, conocido como &#8216;Biel de Ca&#8217;n Llu\u00eds&#8217;<\/strong>, una persona vinculada de forma directa a la hist\u00f3rica entidad de <a href=\"https:\/\/www.ultimahora.es\/etiqueta\/Inca.html?utm_source=Inline-tag&amp;utm_medium=internal\" rel=\"nofollow noopener\" target=\"_blank\">Inca<\/a>, a la que dedic\u00f3 muchas horas de su vida.<\/p>\n<p>Ejerci\u00f3 como <strong>delegado del primer equipo, gan\u00e1ndose el cari\u00f1o y respeto tanto de jugadores, t\u00e9cnicos, directivos y aficionados<\/strong> del Const\u00e0ncia como los de los dem\u00e1s equipos a los que se enfrentaron los blanquinegros. Destacar que <strong>en la temporada 2018-19, Biel Martorell fue premiado como el mejor delegado de la Tercera Divisi\u00f3n<\/strong> por parte de la Federaci\u00f3 de Futbol de les Illes Balears, en reconocimiento a su buen hacer y profesionalidad en el desempe\u00f1o de esa funci\u00f3n.<\/p>\n<blockquote class=\"twitter-tweet\"><p>&#13;<\/p>\n<p>\ud83e\udd7aAvui ens toca dir adeu a una persona molt especial pel nostre club.<\/p>\n<p>&#13;<\/p>\n<p>Ens ha deixat en Biel Martorell \u00abBiel de Ca\u2019n Llu\u00eds\u00bb que durant tant d\u2019anys va ser delegat del primer equip. <a href=\"https:\/\/t.co\/C4K00nsm88\" rel=\"nofollow\">pic.twitter.com\/C4K00nsm88<\/a><\/p>\n<p>&#13;<br \/>\n\u2014 CE Const\u00e0ncia (@CEConstancia) <a href=\"https:\/\/twitter.com\/CEConstancia\/status\/1971606414167777768?ref_src=twsrc%5Etfw\" rel=\"nofollow noopener\" target=\"_blank\">September 26, 2025<\/a>\n<\/p><\/blockquote>\n<p>\u00abSu dedicaci\u00f3n, cari\u00f1o y entrega incondicional al club dejaron una huella imborrable para todos los que le conocieron. Desde el club queremos enviar nuestro p\u00e9same y un fuerte abrazo a todos sus familiares y amigos <strong>Gracias por tanto, Biel. Descansa en paz<\/strong>\u00bb, escrib\u00eda en sus redes sociales el Const\u00e0ncia, donde la noticia de su p\u00e9rdida ha causado enorme impacto entre los actuales miembros de sus diferentes \u00e1reas como en anteriores generaciones.<\/p>\n<p>                        <script async src=\"https:\/\/platform.twitter.com\/widgets.js\" charset=\"utf-8\"><\/script><\/p>\n","protected":false},"excerpt":{"rendered":"Uno de los grandes clubes del f\u00fatbol mallorqu\u00edn ha despedido a uno de sus m\u00e1s estrechos y fieles&hellip;\n","protected":false},"author":2,"featured_media":156771,"comment_status":"","ping_status":"","sticky":false,"template":"","format":"standard","meta":{"footnotes":""},"categories":[268],"tags":[1241,20724,1941,168,25,24,13447,280,282,10856,288,20635,4009,1945,281,23,167],"class_list":{"0":"post-156770","1":"post","2":"type-post","3":"status-publish","4":"format-standard","5":"has-post-thumbnail","7":"category-futbol","8":"tag-champions-league","9":"tag-constancia","10":"tag-copa-del-rey","11":"tag-deportes","12":"tag-es","13":"tag-espana","14":"tag-europa-league","15":"tag-football","16":"tag-futbol","17":"tag-inca","18":"tag-laliga","19":"tag-liga-de-naciones","20":"tag-obituario","21":"tag-primera-division","22":"tag-soccer","23":"tag-spain","24":"tag-sports"},"share_on_mastodon":{"url":"","error":""},"_links":{"self":[{"href":"https:\/\/www.europesays.com\/es\/wp-json\/wp\/v2\/posts\/156770","targetHints":{"allow":["GET"]}}],"collection":[{"href":"https:\/\/www.europesays.com\/es\/wp-json\/wp\/v2\/posts"}],"about":[{"href":"https:\/\/www.europesays.com\/es\/wp-json\/wp\/v2\/types\/post"}],"author":[{"embeddable":true,"href":"https:\/\/www.europesays.com\/es\/wp-json\/wp\/v2\/users\/2"}],"replies":[{"embeddable":true,"href":"https:\/\/www.europesays.com\/es\/wp-json\/wp\/v2\/comments?post=156770"}],"version-history":[{"count":0,"href":"https:\/\/www.europesays.com\/es\/wp-json\/wp\/v2\/posts\/156770\/revisions"}],"wp:featuredmedia":[{"embeddable":true,"href":"https:\/\/www.europesays.com\/es\/wp-json\/wp\/v2\/media\/156771"}],"wp:attachment":[{"href":"https:\/\/www.europesays.com\/es\/wp-json\/wp\/v2\/media?parent=156770"}],"wp:term":[{"taxonomy":"category","embeddable":true,"href":"https:\/\/www.europesays.com\/es\/wp-json\/wp\/v2\/categories?post=156770"},{"taxonomy":"post_tag","embeddable":true,"href":"https:\/\/www.europesays.com\/es\/wp-json\/wp\/v2\/tags?post=156770"}],"curies":[{"name":"wp","href":"https:\/\/api.w.org\/{rel}","templated":true}]}}