{"id":156772,"date":"2025-10-04T16:43:10","date_gmt":"2025-10-04T16:43:10","guid":{"rendered":"https:\/\/www.europesays.com\/es\/156772\/"},"modified":"2025-10-04T16:43:10","modified_gmt":"2025-10-04T16:43:10","slug":"j-k-rowling-hunde-el-buenismo-de-emma-watson-con-una-carta-sobre-su-disputa-trans","status":"publish","type":"post","link":"https:\/\/www.europesays.com\/es\/156772\/","title":{"rendered":"J.K. Rowling hunde el buenismo de Emma Watson con una carta sobre su disputa trans"},"content":{"rendered":"<p>La relaci\u00f3n entre <strong>J.K. Rowling<\/strong> y <strong>Emma Watson<\/strong>, as\u00ed como con la mayor\u00eda del reparto de la saga Harry Potter, se ha deteriorado en los \u00faltimos a\u00f1os debido a la postura de la escritora brit\u00e1nica sobre el extremismo trans y su firme defensa de que las mujeres transexuales no son mujeres. La creadora del famoso universo m\u00e1gico ha recibido un buen n\u00famero de amenazas de muerte del colectivo LGTB, as\u00ed como acoso diario en las redes sociales.<\/p>\n<p>Resulta sorprendente que ahora, la actriz que salt\u00f3 a la fama por interpretar a Hermione Granger, haya reconocido que <strong>tiene aprecio por Rowling a pesar de sus profundas diferencias y de las cr\u00edticas que ha lanzado hacia su persona<\/strong>. Fue en el podcast &#8216;On Purpose With Jay Shetty&#8217; donde confes\u00f3 que no quiere que sus discrepancias borren los buenos recuerdos compartidos en el pasado. \u00abNo creo que tener las opiniones que tengo signifique que no pueda valorar a Jo ni a la persona con la que tuve experiencias personales. Nunca creer\u00e9 que una cosa invalida a la otra y que no pueda conservar y apreciar mi experiencia con esa persona (&#8230;) <strong>Espero que quienes no comparten mi opini\u00f3n me quieran<\/strong> y espero poder seguir queriendo a quienes no necesariamente comparten mi opini\u00f3n\u00bb, expres\u00f3 en un tono conciliador que no ha terminado de convencer a Rowling.<\/p>\n<p>Tras varios d\u00edas de silencio, J.K. Rowling ha roto su silencio con un largo texto dirigido a Watson en el que da a entender que no est\u00e1 dispuesta a acercar posturas ni con ella ni con Daniel Radcliffe, el actor que dio vida a Harry Potter. \u00abVeo bastantes comentarios sobre esto, por eso quiero se\u00f1alar un par de puntos. No tengo derecho a la aprobaci\u00f3n eterna de ning\u00fan actor que haya interpretado un personaje que yo haya creado. La idea es tan absurda como consultar con mi jefe a los veinti\u00fan a\u00f1os sobre qu\u00e9 opiniones deber\u00eda tener ahora. <strong>Emma Watson y sus coprotagonistas tienen todo el derecho a abrazar la ideolog\u00eda de identidad de g\u00e9nero<\/strong>. Dichas creencias est\u00e1n protegidas legalmente y no quisiera ver a ninguno de ellos amenazado con perder su trabajo, sufrir violencia o morir por ello\u00bb, destaca, una situaci\u00f3n que ella misma ha tenido que vivir.<\/p>\n<p>\u00abSin embargo, Emma y Dan en particular han dejado claro en los \u00faltimos a\u00f1os que creen que nuestra antigua asociaci\u00f3n profesional les otorga un derecho \u2014o incluso la obligaci\u00f3n\u2014 de criticarme a m\u00ed y a mis opiniones en p\u00fablico. A\u00f1os despu\u00e9s de terminar su participaci\u00f3n en Potter, <strong>siguen asumiendo el papel de portavoces de facto del mundo que cre\u00e9<\/strong>. Cuando conoces a alguien desde los 10 a\u00f1os, es dif\u00edcil desprenderse de cierta protecci\u00f3n. Hasta hace muy poco, no hab\u00eda logrado deshacerme del recuerdo de ni\u00f1os que necesitaban ser persuadidos con delicadeza para que hablaran en un gran estudio de cine. Durante los \u00faltimos a\u00f1os, <strong>he rechazado repetidamente invitaciones de periodistas para comentar espec\u00edficamente sobre Emma<\/strong>, sobre todo sobre los juicios de J.K. Rowling\u00bb, contin\u00faa.<\/p>\n<p>\u00abIr\u00f3nicamente, les dije a los productores que no quer\u00eda que la acosaran por nada de lo que dijera. La presentadora de televisi\u00f3n del v\u00eddeo adjunto destaca el discurso de Emma y la verdad es que fue un punto de inflexi\u00f3n para m\u00ed, pero tuvo una postdata que me doli\u00f3 mucho m\u00e1s que el discurso en s\u00ed. Emma le pidi\u00f3 a alguien que me pasara una nota escrita a mano que conten\u00eda una sola frase:<strong> &#8216;Siento mucho lo que est\u00e1s pasando&#8217;<\/strong> (tiene mi n\u00famero de tel\u00e9fono).<strong> Esto ocurri\u00f3 cuando las amenazas de muerte, violaci\u00f3n y tortura contra m\u00ed estaban en su apogeo<\/strong>, en un momento en que mis medidas de seguridad personal tuvieron que reforzarse considerablemente y yo estaba constantemente preocupada por la seguridad de mi familia. Emma acababa de echar m\u00e1s le\u00f1a al fuego p\u00fablicamente, pero <strong>pens\u00f3 que una expresi\u00f3n de preocupaci\u00f3n de una sola l\u00ednea me confirmar\u00eda su profunda compasi\u00f3n y amabilidad\u00bb<\/strong>.<\/p>\n<p>En este sentido, recuerda que Emma Watson ha crecido en una cuna de oro. \u00abComo otras personas que nunca han experimentado la vida adulta sin el respaldo de la riqueza y la fama, Emma tiene tan poca experiencia de la vida real que ignora lo ignorante que es. Nunca necesitar\u00e1 un refugio para personas sin hogar. Nunca la colocar\u00e1n en una sala mixta de un hospital p\u00fablico. Me sorprender\u00eda que hubiera estado en un vestuario de una calle principal desde la infancia. Su &#8216;ba\u00f1o p\u00fablico&#8217; es para una sola persona y tiene un hombre de seguridad montando guardia fuera de su puerta. \u00bfHa tenido que desnudarse en un vestuario reci\u00e9n creado para hombres en una piscina municipal? \u00bfEs probable que alguna vez necesite un centro de crisis por violaci\u00f3n administrado por el estado que se niega a garantizar un servicio solo para mujeres? \u00bfPara encontrarse compartiendo una celda en la prisi\u00f3n con un violador que ha sido identificado en la prisi\u00f3n de mujeres?\u00bb, denuncia.<\/p>\n<p>\u00abYo no era multimillonaria a los catorce a\u00f1os. Viv\u00eda en la pobreza mientras escrib\u00eda el libro que hizo famosa a Emma. Por lo tanto, <strong>comprendo por experiencia propia lo que significa para las mujeres y ni\u00f1as que no tienen sus privilegios la destrucci\u00f3n de los derechos de las mujeres<\/strong>, en la que Emma ha participado con tanto entusiasmo. Lo m\u00e1s ir\u00f3nico es que, si Emma no hubiera decidido en su entrevista m\u00e1s reciente declarar que me ama y me aprecia (un cambio de rumbo que sospecho ha adoptado porque se dio cuenta de que <strong>condenarme a viva voz ya no est\u00e1 tan de moda como antes<\/strong>), tal vez nunca hubiera sido tan honesta\u00bb, dice sobre el inesperado buenismo de la actriz.<\/p>\n<p>Para concluir, denuncia la hipocres\u00eda de Watson: \u00abLos adultos no pueden esperar aliarse con un movimiento activista que pide constantemente el asesinato de un amigo y luego reivindicar su derecho al amor de su examigo, como si este fuera en realidad su madre. Emma tiene toda la libertad de discrepar conmigo y, de hecho, de expresar sus sentimientos hacia m\u00ed en p\u00fablico, pero yo tengo el mismo derecho y finalmente he decidido ejercerlo\u00bb.<\/p>\n","protected":false},"excerpt":{"rendered":"La relaci\u00f3n entre J.K. Rowling y Emma Watson, as\u00ed como con la mayor\u00eda del reparto de la saga&hellip;\n","protected":false},"author":2,"featured_media":156773,"comment_status":"","ping_status":"","sticky":false,"template":"","format":"standard","meta":{"footnotes":""},"categories":[174],"tags":[255,4000,146,147,25,24,256,4001,23],"class_list":{"0":"post-156772","1":"post","2":"type-post","3":"status-publish","4":"format-standard","5":"has-post-thumbnail","7":"category-famosos","8":"tag-celebrities","9":"tag-emma-watson","10":"tag-entertainment","11":"tag-entretenimiento","12":"tag-es","13":"tag-espana","14":"tag-famosos","15":"tag-j-k-rowling","16":"tag-spain"},"share_on_mastodon":{"url":"","error":""},"_links":{"self":[{"href":"https:\/\/www.europesays.com\/es\/wp-json\/wp\/v2\/posts\/156772","targetHints":{"allow":["GET"]}}],"collection":[{"href":"https:\/\/www.europesays.com\/es\/wp-json\/wp\/v2\/posts"}],"about":[{"href":"https:\/\/www.europesays.com\/es\/wp-json\/wp\/v2\/types\/post"}],"author":[{"embeddable":true,"href":"https:\/\/www.europesays.com\/es\/wp-json\/wp\/v2\/users\/2"}],"replies":[{"embeddable":true,"href":"https:\/\/www.europesays.com\/es\/wp-json\/wp\/v2\/comments?post=156772"}],"version-history":[{"count":0,"href":"https:\/\/www.europesays.com\/es\/wp-json\/wp\/v2\/posts\/156772\/revisions"}],"wp:featuredmedia":[{"embeddable":true,"href":"https:\/\/www.europesays.com\/es\/wp-json\/wp\/v2\/media\/156773"}],"wp:attachment":[{"href":"https:\/\/www.europesays.com\/es\/wp-json\/wp\/v2\/media?parent=156772"}],"wp:term":[{"taxonomy":"category","embeddable":true,"href":"https:\/\/www.europesays.com\/es\/wp-json\/wp\/v2\/categories?post=156772"},{"taxonomy":"post_tag","embeddable":true,"href":"https:\/\/www.europesays.com\/es\/wp-json\/wp\/v2\/tags?post=156772"}],"curies":[{"name":"wp","href":"https:\/\/api.w.org\/{rel}","templated":true}]}}