{"id":156776,"date":"2025-10-04T16:49:09","date_gmt":"2025-10-04T16:49:09","guid":{"rendered":"https:\/\/www.europesays.com\/es\/156776\/"},"modified":"2025-10-04T16:49:09","modified_gmt":"2025-10-04T16:49:09","slug":"2-1-el-girona-logra-su-primera-victoria-en-laliga-a-costa-del-valencia","status":"publish","type":"post","link":"https:\/\/www.europesays.com\/es\/156776\/","title":{"rendered":"2-1. El Girona logra su primera victoria en LaLiga a costa del Valencia"},"content":{"rendered":"<p class=\"mb-4 text-lg md:leading-8 break-words\">Girona, 4 oct (EFE).- El Girona consigui\u00f3 este s\u00e1bado su primera victoria de la temporada al ganar al Valencia en Montilivi (2-1), con goles de Vladyslav Vanat y Arnau Mart\u00ednez, para dormir fuera de las posiciones de descenso.<\/p>\n<p><img alt=\"\" loading=\"lazy\" width=\"960\" height=\"639\" decoding=\"async\" data-nimg=\"1\" class=\"rounded-lg\" style=\"color:transparent\" src=\"https:\/\/www.europesays.com\/es\/wp-content\/uploads\/2025\/10\/d8adfb94dc32d5c37ecc0cee3529f93e.jpeg\"\/><\/p>\n<p class=\"mb-4 text-lg md:leading-8 break-words\">Vanat adelant\u00f3 al equipo de M\u00edchel S\u00e1nchez en el minuto 19 con un potente disparo a la escuadra y el conjunto de Carlos Corber\u00e1n empat\u00f3 por mediaci\u00f3n de Diego L\u00f3pez (min. 57), pero Arnau marc\u00f3 el 2-1 definitivo en el minuto 63.<\/p>\n<p><img alt=\"\" loading=\"lazy\" width=\"960\" height=\"640\" decoding=\"async\" data-nimg=\"1\" class=\"rounded-lg\" style=\"color:transparent\" src=\"https:\/\/www.europesays.com\/es\/wp-content\/uploads\/2025\/10\/11daff604d6be040df73038ed755476e.jpeg\"\/><\/p>\n<p class=\"mb-4 text-lg md:leading-8 break-words\">(c) Agencia EFE<\/p>\n","protected":false},"excerpt":{"rendered":"Girona, 4 oct (EFE).- El Girona consigui\u00f3 este s\u00e1bado su primera victoria de la temporada al ganar al&hellip;\n","protected":false},"author":2,"featured_media":156777,"comment_status":"","ping_status":"","sticky":false,"template":"","format":"standard","meta":{"footnotes":""},"categories":[93],"tags":[46867,168,995,25,24,1147,31158,22279,23,167,235,46868],"class_list":{"0":"post-156776","1":"post","2":"type-post","3":"status-publish","4":"format-standard","5":"has-post-thumbnail","7":"category-deportes","8":"tag-arnau-martinez","9":"tag-deportes","10":"tag-efe","11":"tag-es","12":"tag-espana","13":"tag-girona","14":"tag-michel-sanchez","15":"tag-montilivi","16":"tag-spain","17":"tag-sports","18":"tag-valencia","19":"tag-vladyslav-vanat"},"share_on_mastodon":{"url":"","error":""},"_links":{"self":[{"href":"https:\/\/www.europesays.com\/es\/wp-json\/wp\/v2\/posts\/156776","targetHints":{"allow":["GET"]}}],"collection":[{"href":"https:\/\/www.europesays.com\/es\/wp-json\/wp\/v2\/posts"}],"about":[{"href":"https:\/\/www.europesays.com\/es\/wp-json\/wp\/v2\/types\/post"}],"author":[{"embeddable":true,"href":"https:\/\/www.europesays.com\/es\/wp-json\/wp\/v2\/users\/2"}],"replies":[{"embeddable":true,"href":"https:\/\/www.europesays.com\/es\/wp-json\/wp\/v2\/comments?post=156776"}],"version-history":[{"count":0,"href":"https:\/\/www.europesays.com\/es\/wp-json\/wp\/v2\/posts\/156776\/revisions"}],"wp:featuredmedia":[{"embeddable":true,"href":"https:\/\/www.europesays.com\/es\/wp-json\/wp\/v2\/media\/156777"}],"wp:attachment":[{"href":"https:\/\/www.europesays.com\/es\/wp-json\/wp\/v2\/media?parent=156776"}],"wp:term":[{"taxonomy":"category","embeddable":true,"href":"https:\/\/www.europesays.com\/es\/wp-json\/wp\/v2\/categories?post=156776"},{"taxonomy":"post_tag","embeddable":true,"href":"https:\/\/www.europesays.com\/es\/wp-json\/wp\/v2\/tags?post=156776"}],"curies":[{"name":"wp","href":"https:\/\/api.w.org\/{rel}","templated":true}]}}