{"id":156780,"date":"2025-10-04T16:51:08","date_gmt":"2025-10-04T16:51:08","guid":{"rendered":"https:\/\/www.europesays.com\/es\/156780\/"},"modified":"2025-10-04T16:51:08","modified_gmt":"2025-10-04T16:51:08","slug":"por-que-barbara-mirjan-ha-salido-sin-su-ramo-de-novia-tras-casarse-con-cayetano-martinez-de-irujo","status":"publish","type":"post","link":"https:\/\/www.europesays.com\/es\/156780\/","title":{"rendered":"\u00bfPor qu\u00e9 B\u00e1rbara Mirjan ha salido sin su ramo de novia tras casarse con Cayetano Mart\u00ednez de Irujo?"},"content":{"rendered":"<p>La iglesia del Cristo de los Gitanos es un templo que tiene un gran valor sentimental para el duque de Arjona y sus hermanos, ya que su madre, <a href=\"https:\/\/www.revistavanityfair.es\/galerias\/cayetana-alba-duquesa-invitada-boda-vestidos\" rel=\"nofollow noopener\" target=\"_blank\"><strong>la duquesa de Alba<\/strong><\/a>, era una ferviente devota de ese Cristo y cada Semana Santa el paso procesionaba por delante del palacio de Las Due\u00f1as para que <a href=\"https:\/\/www.revistavanityfair.es\/sociedad\/articulos\/duquesa-de-alba-cayetana-fitz-james-stuart-estilo-vestidos\/44173\" rel=\"nofollow noopener\" target=\"_blank\">do\u00f1a Cayetana<\/a> pudiera verlo. En la segunda mitad del siglo XX, la iglesia estaba casi derruida por el paso del tiempo, pero en 1996 la propiedad de la iglesia fue <strong>cedida a la Hermandad de los Gitanos<\/strong> con el compromiso expl\u00edcito de acometer su restauraci\u00f3n. La financiaci\u00f3n de los trabajos cont\u00f3 con la participaci\u00f3n activa de <a href=\"https:\/\/www.revistavanityfair.es\/articulos\/duquesa-alba-cayetana-diez-anos-fallecimiento\" rel=\"nofollow noopener\" target=\"_blank\">la duquesa de Alba<\/a>, quien aport\u00f3 recursos para la recuperaci\u00f3n del templo. Tanto Cayetano como sus hijos, Luis y <a href=\"https:\/\/www.revistavanityfair.es\/articulos\/amina-martinez-de-irujo-madrina-boda-padre-cayetano-martinez-de-irujo-barbara-mirjan\" rel=\"nofollow noopener\" target=\"_blank\"><strong>Amina Mart\u00ednez de Irujo<\/strong><\/a>, figuran en la n\u00f3mina de cofrades de la hermandad, y el propio conde de Salvatierra ha participado como costalero hasta en 11 ocasiones.<\/p>\n<p>Cuando en noviembre de 2014 falleci\u00f3 <a href=\"https:\/\/www.revistavanityfair.es\/articulos\/luis-martinez-de-irujo-y-hohenlohe-mujer-adriana-marin-sobrino-cayetano#intcid=_vanity-fair-es-verso-hp-trending_9290da9c-08f5-404b-a6e4-91b7171115f2_popular4-2\" rel=\"nofollow noopener\" target=\"_blank\">do\u00f1a Cayetana<\/a>, parte de sus cenizas fueron depositadas en una tumba dentro de la iglesia sevillana y en 2017 se levant\u00f3 un monumento de m\u00e1rmol de una sola pieza en su honor; una escultura de estilo barroco sevillano con connotaciones renacentistas obra de <strong>Jos\u00e9 Antonio Navarro Arteaga<\/strong>. En ella, adem\u00e1s, aparecen seis querubines labrados que representan a <a href=\"https:\/\/www.revistavanityfair.es\/articulos\/herederos-de-duquesa-alba-cayetana-irujo\" rel=\"nofollow noopener\" target=\"_blank\">los hijos de la duquesa<\/a>.<\/p>\n<p><img decoding=\"async\" alt=\"Brbara Mirjan a su llegada a la iglesia junto a su padre.\" loading=\"lazy\" class=\"ResponsiveImageContainer-eNxvmU cfBbTk responsive-image__image\"   src=\"https:\/\/www.europesays.com\/es\/wp-content\/uploads\/2025\/10\/DL_u592464_059.jpg\"\/><\/p>\n<p>B\u00e1rbara Mirjan a su llegada a la iglesia junto a su padre.<\/p>\n<p>GTRES<\/p>\n<p>Esto explicar\u00eda el motivo por el que B\u00e1rbara Mirjan ha salido sin su ramo de novia del templo sevillano. Aunque a la llegada a la iglesia llevaba en su mano un gran ramo que colgaba varios cent\u00edmetros con una gran flor blanca en la parte central, a la salida, la reci\u00e9n casada ya no lo portaba porque <strong>lo hab\u00eda depositado sobre la tumba de la que habr\u00eda sido su suegra,<\/strong> una tradici\u00f3n en la que se muestra el respeto y el cari\u00f1o que tanto Cayetano como su ya mujer siguen teniendo por <a href=\"https:\/\/www.revistavanityfair.es\/sociedad\/celebrities\/articulos\/cayetana-duquesa-de-alba-yves-saint-laurent-christian-dior\/27313\" rel=\"nofollow noopener\" target=\"_blank\">do\u00f1a Cayetana<\/a>.<\/p>\n<p>El vestido de novia de B\u00e1rbara<\/p>\n<p>La novia ha lucido un vestido firmado por <strong>Navascu\u00e9s<\/strong>, un dise\u00f1o <strong>confeccionado en crep con cortes en godets de organza bordada con hilos de seda<\/strong>. La pieza cuenta, adem\u00e1s, con mangas desmontables y se completa con una sobrefalda en organza y un corselete bordado en hilo de seda. La cola es independiente, en organzas con bordado. Todos los bordados que recorren la prenda toman como referencia la saya que luci\u00f3 la Virgen de las Angustias de la Hermandad de los Gitanos durante la pasada Madrug\u00e1 del Viernes Santo. B\u00e1rbara ha lucido adem\u00e1s unos\u00a0pendientes de estilo\u00a0art dec\u00f3\u00a0que Cayetano\u00a0le ha regalado\u00a0para su enlace, zapatos dise\u00f1ados por <strong>Isabel Abdo<\/strong> (dise\u00f1adora que hizo los zapatos de boda de <strong><a href=\"https:\/\/www.revistavanityfair.es\/articulos\/boda-nieta-mario-vargas-llosa-peru\" rel=\"nofollow noopener\" target=\"_blank\">Josefina Vargas Llosa, nieta de Mario Vargas Llosa<\/a>)<\/strong> y una tiara <strong>de Grassi.<\/strong><\/p>\n","protected":false},"excerpt":{"rendered":"La iglesia del Cristo de los Gitanos es un templo que tiene un gran valor sentimental para el&hellip;\n","protected":false},"author":2,"featured_media":156781,"comment_status":"","ping_status":"","sticky":false,"template":"","format":"standard","meta":{"footnotes":""},"categories":[91],"tags":[46785,23288,46869,261,18762,146,147,25,24,23],"class_list":{"0":"post-156780","1":"post","2":"type-post","3":"status-publish","4":"format-standard","5":"has-post-thumbnail","7":"category-entretenimiento","8":"tag-barbara-mirjan","9":"tag-casa-de-alba","10":"tag-cayetana-de-alba","11":"tag-cayetano-martinez-de-irujo","12":"tag-duquesa-de-alba","13":"tag-entertainment","14":"tag-entretenimiento","15":"tag-es","16":"tag-espana","17":"tag-spain"},"share_on_mastodon":{"url":"","error":""},"_links":{"self":[{"href":"https:\/\/www.europesays.com\/es\/wp-json\/wp\/v2\/posts\/156780","targetHints":{"allow":["GET"]}}],"collection":[{"href":"https:\/\/www.europesays.com\/es\/wp-json\/wp\/v2\/posts"}],"about":[{"href":"https:\/\/www.europesays.com\/es\/wp-json\/wp\/v2\/types\/post"}],"author":[{"embeddable":true,"href":"https:\/\/www.europesays.com\/es\/wp-json\/wp\/v2\/users\/2"}],"replies":[{"embeddable":true,"href":"https:\/\/www.europesays.com\/es\/wp-json\/wp\/v2\/comments?post=156780"}],"version-history":[{"count":0,"href":"https:\/\/www.europesays.com\/es\/wp-json\/wp\/v2\/posts\/156780\/revisions"}],"wp:featuredmedia":[{"embeddable":true,"href":"https:\/\/www.europesays.com\/es\/wp-json\/wp\/v2\/media\/156781"}],"wp:attachment":[{"href":"https:\/\/www.europesays.com\/es\/wp-json\/wp\/v2\/media?parent=156780"}],"wp:term":[{"taxonomy":"category","embeddable":true,"href":"https:\/\/www.europesays.com\/es\/wp-json\/wp\/v2\/categories?post=156780"},{"taxonomy":"post_tag","embeddable":true,"href":"https:\/\/www.europesays.com\/es\/wp-json\/wp\/v2\/tags?post=156780"}],"curies":[{"name":"wp","href":"https:\/\/api.w.org\/{rel}","templated":true}]}}