{"id":156786,"date":"2025-10-04T16:54:07","date_gmt":"2025-10-04T16:54:07","guid":{"rendered":"https:\/\/www.europesays.com\/es\/156786\/"},"modified":"2025-10-04T16:54:07","modified_gmt":"2025-10-04T16:54:07","slug":"trump-advierte-a-hamas-que-no-aceptara-retrasos-en-su-plan-dw-04-10-2025","status":"publish","type":"post","link":"https:\/\/www.europesays.com\/es\/156786\/","title":{"rendered":"Trump advierte a Ham\u00e1s que no aceptar\u00e1 retrasos en su plan \u2013 DW \u2013 04\/10\/2025"},"content":{"rendered":"<p>El presidente de Estados Unidos, <a class=\"internal-link\" href=\"https:\/\/www.dw.com\/es\/trump-donald\/t-19445010\" rel=\"nofollow noopener\" target=\"_blank\">Donald Trump<\/a>, advirti\u00f3 este s\u00e1bado a <a class=\"internal-link\" href=\"https:\/\/www.dw.com\/es\/ham\u00e1s\/t-17412524\" rel=\"nofollow noopener\" target=\"_blank\">Ham\u00e1s<\/a> que \u00ab<a class=\"internal-link\" href=\"https:\/\/www.dw.com\/es\/trump-da-hasta-el-domingo-para-que-ham\u00e1s-acepte-plan-de-paz\/a-74231383\" rel=\"nofollow noopener\" target=\"_blank\">no tolerar\u00e1 demoras<\/a>\u00bb que puedan poner en peligro el acuerdo de paz en Gaza impulsado por la Casa Blanca y agradeci\u00f3 a Israel el cese de los ataques a\u00e9reos sobre la Franja.<\/p>\n<p>\u00abAgradezco que Israel haya detenido temporalmente los bombardeos para dar la oportunidad de concretar la liberaci\u00f3n de rehenes y el acuerdo de paz. Ham\u00e1s debe actuar con rapidez; de lo contrario, todo se perder\u00e1. No tolerar\u00e9 demoras, como muchos creen que ocurrir\u00e1\u00bb, escribi\u00f3 Trump en su red Truth Social.<\/p>\n<p>El mandatario insisti\u00f3 en que no aceptar\u00e1 \u00abning\u00fan resultado en el que <a class=\"internal-link\" href=\"https:\/\/www.dw.com\/es\/franja-de-gaza\/t-67111647\" rel=\"nofollow noopener\" target=\"_blank\">Gaza<\/a> vuelva a representar una amenaza\u00bb para la paz regional. \u00ab\u00a1Hagamos esto, R\u00c1PIDO! \u00a1Todos recibir\u00e1n un trato justo!\u00bb, prometi\u00f3.<\/p>\n<p>Trump celebr\u00f3 este viernes que Ham\u00e1s aceptara liberar a los rehenes israel\u00edes que mantiene en la Franja bajo los t\u00e9rminos expresados en el plan que impulsa para el enclave palestino, y pidi\u00f3 a Israel que cesara los bombardeos sobre Gaza.<\/p>\n<p>Plan de 20 puntos<\/p>\n<p>El plan de 20 puntos que el presidente present\u00f3 el lunes pasado en la Casa Blanca, y aceptado por el primer ministro israel\u00ed, propone el fin inmediato de la guerra, la liberaci\u00f3n de los rehenes de Ham\u00e1s, organizaci\u00f3n considerada terrorista por Estados Unidos y la Uni\u00f3n Europea,\u00a0y la formaci\u00f3n de un gobierno de transici\u00f3n para Gaza, <a class=\"internal-link\" href=\"https:\/\/www.dw.com\/es\/plan-de-eeuu-para-gaza-incluye-gobierno-de-transici\u00f3n-supervisado-por-trump\/a-74181327\" rel=\"nofollow noopener\" target=\"_blank\">supervisado por el mandatario estadounidense<\/a> y el ex primer ministro brit\u00e1nico Tony Blair.<\/p>\n<p>La propuesta tambi\u00e9n contempla la desmilitarizaci\u00f3n de la Franja y la posibilidad de negociar en el futuro un Estado palestino, algo descartado, sin embargo, por el primer ministro israel\u00ed.<\/p>\n<p>La Casa Blanca confirm\u00f3 que el enviado especial de Trump para Medio Oriente, Steve Witkoff, viaja este s\u00e1bado a El Cairo, Egipto, para <a class=\"internal-link\" href=\"https:\/\/www.dw.com\/es\/ham\u00e1s-acepta-parte-del-plan-de-paz-de-trump-y-pide-negociaciones\/a-74232919\" rel=\"nofollow noopener\" target=\"_blank\">avanzar las negociaciones sobre el plan de paz<\/a> antes de su implementaci\u00f3n.<\/p>\n<p>(mn\/efe, afp)<\/p>\n<p>\u00a0<\/p>\n","protected":false},"excerpt":{"rendered":"El presidente de Estados Unidos, Donald Trump, advirti\u00f3 este s\u00e1bado a Ham\u00e1s que \u00abno tolerar\u00e1 demoras\u00bb que puedan&hellip;\n","protected":false},"author":2,"featured_media":156787,"comment_status":"","ping_status":"","sticky":false,"template":"","format":"standard","meta":{"footnotes":""},"categories":[42],"tags":[17,18,13,14,11,61,62,63,64,19,20,9,10,15,16,12,21,22,65,66,67],"class_list":{"0":"post-156786","1":"post","2":"type-post","3":"status-publish","4":"format-standard","5":"has-post-thumbnail","7":"category-internacional","8":"tag-breaking-news","9":"tag-breakingnews","10":"tag-featured-news","11":"tag-featurednews","12":"tag-headlines","13":"tag-internacional","14":"tag-international","15":"tag-international-news","16":"tag-internationalnews","17":"tag-latest-news","18":"tag-latestnews","19":"tag-news","20":"tag-noticias","21":"tag-noticias-destacadas","22":"tag-noticiasdestacadas","23":"tag-titulares","24":"tag-ultimas-noticias","25":"tag-ultimasnoticias","26":"tag-world","27":"tag-world-news","28":"tag-worldnews"},"share_on_mastodon":{"url":"","error":""},"_links":{"self":[{"href":"https:\/\/www.europesays.com\/es\/wp-json\/wp\/v2\/posts\/156786","targetHints":{"allow":["GET"]}}],"collection":[{"href":"https:\/\/www.europesays.com\/es\/wp-json\/wp\/v2\/posts"}],"about":[{"href":"https:\/\/www.europesays.com\/es\/wp-json\/wp\/v2\/types\/post"}],"author":[{"embeddable":true,"href":"https:\/\/www.europesays.com\/es\/wp-json\/wp\/v2\/users\/2"}],"replies":[{"embeddable":true,"href":"https:\/\/www.europesays.com\/es\/wp-json\/wp\/v2\/comments?post=156786"}],"version-history":[{"count":0,"href":"https:\/\/www.europesays.com\/es\/wp-json\/wp\/v2\/posts\/156786\/revisions"}],"wp:featuredmedia":[{"embeddable":true,"href":"https:\/\/www.europesays.com\/es\/wp-json\/wp\/v2\/media\/156787"}],"wp:attachment":[{"href":"https:\/\/www.europesays.com\/es\/wp-json\/wp\/v2\/media?parent=156786"}],"wp:term":[{"taxonomy":"category","embeddable":true,"href":"https:\/\/www.europesays.com\/es\/wp-json\/wp\/v2\/categories?post=156786"},{"taxonomy":"post_tag","embeddable":true,"href":"https:\/\/www.europesays.com\/es\/wp-json\/wp\/v2\/tags?post=156786"}],"curies":[{"name":"wp","href":"https:\/\/api.w.org\/{rel}","templated":true}]}}