{"id":156788,"date":"2025-10-04T16:55:09","date_gmt":"2025-10-04T16:55:09","guid":{"rendered":"https:\/\/www.europesays.com\/es\/156788\/"},"modified":"2025-10-04T16:55:09","modified_gmt":"2025-10-04T16:55:09","slug":"denuncian-la-muerte-de-una-vaquilla-arrollada-de-forma-brutal-por-un-quad-en-un-encierro-de-valladolid","status":"publish","type":"post","link":"https:\/\/www.europesays.com\/es\/156788\/","title":{"rendered":"Denuncian la muerte de una vaquilla arrollada de forma brutal por un quad en un encierro de Valladolid"},"content":{"rendered":"<p class=\"v-mdl-ath__p v-mdl-ath__p--6\">\nS\u00e1bado, 4 de octubre 2025, 13:36<\/p>\n<p class=\"v-p\">El colectivo animalista PACMA ha presentado una denuncia por el atropello brutal de una vaquilla durante un encierro de la localidad de Bola\u00f1os de Campos (Valladolid). Los hechos sucedieron el pasado viernes cuando un individuo arremeti\u00f3 con su quad contra el animal, que falleci\u00f3 en el acto. Las im\u00e1genes aportadas por los animalistas muestran c\u00f3mo el hombre se dirige de frente hacia el astado, al que acaba pas\u00e1ndole por encima. <\/p>\n<p class=\"v-p\">PACMA denuncia que un episodio similar ya sucedi\u00f3 en 2018 en este mismo municipio. exigen una investigaci\u00f3n exhaustiva y la depuraci\u00f3n de responsabilidades por lo sucedido.<\/p>\n<p class=\"v-p\">\u00abSiete a\u00f1os despu\u00e9s, el patr\u00f3n se repite, demostrando que no se han tomado medidas para proteger a los animales\u00ab, se\u00f1alan desde PACMA. La formaci\u00f3n subraya que este nuevo atropello refleja \u00bbla falta de control, supervisi\u00f3n y seguridad\u00ab en los festejos taurinos por parte del Ayuntamiento de Bola\u00f1os de Campos, donde se pone en riesgo tanto a los animales como a los propios participantes y asistentes. \u00abEs incomprensible que las administraciones sigan mirando hacia otro lado mientras se financian y permiten espect\u00e1culos donde los animales son tratados como mu\u00f1ecos y expuestos a un sufrimiento extremo\u00bb, denuncian.<\/p>\n<p class=\"v-p\">\u00abEl maltrato animal no puede seguir ampar\u00e1ndose bajo la excusa de la tradici\u00f3n. Este nuevo atropello en Bola\u00f1os de Campos demuestra que los festejos taurinos son incompatibles con la evoluci\u00f3n social\u00bb, concluyen. <\/p>\n<p>Reporta un error<\/p>\n","protected":false},"excerpt":{"rendered":"S\u00e1bado, 4 de octubre 2025, 13:36 El colectivo animalista PACMA ha presentado una denuncia por el atropello brutal&hellip;\n","protected":false},"author":2,"featured_media":156789,"comment_status":"","ping_status":"","sticky":false,"template":"","format":"standard","meta":{"footnotes":""},"categories":[8],"tags":[42279,17,18,7573,3114,1309,25,24,13,14,1142,11,19,20,4920,9,10,15,16,46870,23,12,21,22,1607,27844],"class_list":{"0":"post-156788","1":"post","2":"type-post","3":"status-publish","4":"format-standard","5":"has-post-thumbnail","7":"category-espana","8":"tag-arrollada","9":"tag-breaking-news","10":"tag-breakingnews","11":"tag-brutal","12":"tag-denuncian","13":"tag-encierro","14":"tag-es","15":"tag-espana","16":"tag-featured-news","17":"tag-featurednews","18":"tag-forma","19":"tag-headlines","20":"tag-latest-news","21":"tag-latestnews","22":"tag-muerte","23":"tag-news","24":"tag-noticias","25":"tag-noticias-destacadas","26":"tag-noticiasdestacadas","27":"tag-quad","28":"tag-spain","29":"tag-titulares","30":"tag-ultimas-noticias","31":"tag-ultimasnoticias","32":"tag-valladolid","33":"tag-vaquilla"},"share_on_mastodon":{"url":"","error":""},"_links":{"self":[{"href":"https:\/\/www.europesays.com\/es\/wp-json\/wp\/v2\/posts\/156788","targetHints":{"allow":["GET"]}}],"collection":[{"href":"https:\/\/www.europesays.com\/es\/wp-json\/wp\/v2\/posts"}],"about":[{"href":"https:\/\/www.europesays.com\/es\/wp-json\/wp\/v2\/types\/post"}],"author":[{"embeddable":true,"href":"https:\/\/www.europesays.com\/es\/wp-json\/wp\/v2\/users\/2"}],"replies":[{"embeddable":true,"href":"https:\/\/www.europesays.com\/es\/wp-json\/wp\/v2\/comments?post=156788"}],"version-history":[{"count":0,"href":"https:\/\/www.europesays.com\/es\/wp-json\/wp\/v2\/posts\/156788\/revisions"}],"wp:featuredmedia":[{"embeddable":true,"href":"https:\/\/www.europesays.com\/es\/wp-json\/wp\/v2\/media\/156789"}],"wp:attachment":[{"href":"https:\/\/www.europesays.com\/es\/wp-json\/wp\/v2\/media?parent=156788"}],"wp:term":[{"taxonomy":"category","embeddable":true,"href":"https:\/\/www.europesays.com\/es\/wp-json\/wp\/v2\/categories?post=156788"},{"taxonomy":"post_tag","embeddable":true,"href":"https:\/\/www.europesays.com\/es\/wp-json\/wp\/v2\/tags?post=156788"}],"curies":[{"name":"wp","href":"https:\/\/api.w.org\/{rel}","templated":true}]}}